{"id":2851,"date":"2022-04-02T06:12:03","date_gmt":"2022-04-02T06:12:03","guid":{"rendered":"https:\/\/parafiakrzyzowa.pl\/?p=2851"},"modified":"2022-04-02T06:12:10","modified_gmt":"2022-04-02T06:12:10","slug":"2851","status":"publish","type":"post","link":"https:\/\/parafiakrzyzowa.pl\/?p=2851","title":{"rendered":""},"content":{"rendered":"<p>&nbsp;<\/p>\n<p>Krzy\u017cowa \u00a03 .IV . 2022 r.<\/p>\n<p><strong>\u00a0\u00a0\u00a0\u00a0\u00a0\u00a0\u00a0\u00a0\u00a0\u00a0\u00a0\u00a0\u00a0\u00a0\u00a0\u00a0\u00a0\u00a0\u00a0\u00a0\u00a0\u00a0\u00a0\u00a0\u00a0\u00a0\u00a0\u00a0\u00a0\u00a0\u00a0\u00a0\u00a0\u00a0\u00a0\u00a0\u00a0\u00a0\u00a0\u00a0\u00a0\u00a0\u00a0\u00a0\u00a0\u00a0\u00a0\u00a0\u00a0\u00a0\u00a0\u00a0\u00a0\u00a0\u00a0\u00a0\u00a0\u00a0\u00a0\u00a0\u00a0\u00a0\u00a0\u00a0\u00a0\u00a0\u00a0\u00a0\u00a0\u00a0\u00a0\u00a0\u00a0\u00a0\u00a0\u00a0\u00a0 <\/strong><\/p>\n<p><strong>\u00a0\u00a0\u00a0\u00a0\u00a0\u00a0\u00a0\u00a0\u00a0\u00a0\u00a0\u00a0\u00a0\u00a0\u00a0\u00a0\u00a0\u00a0\u00a0\u00a0\u00a0\u00a0\u00a0\u00a0\u00a0\u00a0\u00a0\u00a0\u00a0\u00a0\u00a0\u00a0\u00a0\u00a0\u00a0 <\/strong><\/p>\n<p><strong>\u00a0\u00a0\u00a0\u00a0\u00a0\u00a0\u00a0\u00a0\u00a0\u00a0\u00a0\u00a0\u00a0\u00a0\u00a0\u00a0\u00a0\u00a0\u00a0\u00a0\u00a0\u00a0\u00a0\u00a0\u00a0\u00a0\u00a0\u00a0\u00a0\u00a0\u00a0\u00a0 <\/strong><\/p>\n<p><strong>\u00a0<\/strong><\/p>\n<p><strong>\u00a0 \u00a0 \u00a0 \u00a0 \u00a0 \u00a0 \u00a0 \u00a0 \u00a0 \u00a0 \u00a0 \u00a0 \u00a0 \u00a0 \u00a0 \u00a0 \u00a0 \u00a0 \u00a0 \u00a0 \u00a0<\/strong><strong>\u00a0<\/strong><strong><u>V\u00a0 NIEDZIELA WIELKIEGO POSTU<\/u><\/strong><\/p>\n<p>&nbsp;<\/p>\n<p>Dzi\u015b przypada I niedziela kwietnia. Po ka\u017cdej mszy \u015bw. adoracja Pana Jezusa w Naj\u015bwi\u0119tszym Sakramencie.<\/p>\n<p>Po mszy \u015bw. o godz. 8:00 Droga krzy\u017cowa, a o godz. 17:15 Gorzkie \u017bale z kazaniem pasyjnym. Bardzo serdecznie zapraszam.<\/p>\n<p>&nbsp;<\/p>\n<p>Zach\u0119cam do uczestnictwa we mszy \u015bw. w dni powszednie i modlitw\u0119 o pok\u00f3j na Ukrainie.<\/p>\n<p>&nbsp;<\/p>\n<p>Dzisiejsza sk\u0142ada z pierwszej niedzieli miesi\u0105ca jest przeznaczona na wyw\u00f3z \u015bmieci z cmentarza. Par\u0119 dni temu przyszed\u0142 mi rachunek w wysoko\u015bci \u2026\u2026.<\/p>\n<p>&nbsp;<\/p>\n<p>W pi\u0105tek Droga krzy\u017cowa o godz. 17:30 . Ciesz\u0119 si\u0119 bardzo \u017ce tak licznie uczestniczycie w tym nabo\u017ce\u0144stwie pasyjnym.<\/p>\n<p>&nbsp;<\/p>\n<p>Jeste\u015bmy po rekolekcjach wielkopostnych i po spowiedzi rekolekcyjnej. Trwajcie w \u0142asce u\u015bwi\u0119caj\u0105cej nie tylko do Wielkiej Nocy , ale jak najd\u0142u\u017cej. W Wielkim tygodniu w Wielk\u0105 \u015arod\u0119 b\u0119dzie jeszcze spowied\u017a \u015bw. dla tych kt\u00f3rzy nie mogli by\u0107 u spowiedzi w czasie rekolekcji albo te\u017c wracaj\u0105 z zagranicy na \u015bwi\u0119ta. Ks. Jacek bardzo dzi\u0119kuje za ofiary kt\u00f3re z\u0142o\u017cyli\u015bcie dla niego w ostatni dzie\u0144 rekolekcji.<\/p>\n<p>&nbsp;<\/p>\n<p>Spotkania w tym tygodniu: jutro o godz. 16:30 z dzie\u0107mi klasy III , a w \u015brod\u0119 po wieczornej mszy \u015bwi\u0119tej z ca\u0142\u0105 S\u0142u\u017cba Liturgiczn\u0105 O\u0142tarza . Obecno\u015b\u0107 absolutnie obowi\u0105zkowa.<\/p>\n<p>&nbsp;<\/p>\n<p>Dzi\u0119kuj\u0119 za ofiary na kwiaty do grobu Pana Jezusa i na syryjsk\u0105 rodzin\u0119 z Aleppo.<\/p>\n<p>&nbsp;<\/p>\n<p>&nbsp;<\/p>\n<p>B\u00f3g zap\u0142a\u0107 za sprz\u0105tanie ko\u015bcio\u0142a w tym tygodniu. Nast\u0119pne sprz\u0105tanie b\u0119dzie w sobot\u0119 o godz. 9:00. Sprz\u0105taj\u0105 Panie: Bogus\u0142awa Widz Regina Kami\u0144ska Marcela Dendys i Halina Pastor<\/p>\n<p>&nbsp;<\/p>\n<p>Najbli\u017csza niedziela to Niedziela Palmowa. Przed\u00a0 msz\u0105 \u015bw. o godz. 10 przed ko\u015bcio\u0142em b\u0119dzie po\u015bwi\u0119cenie palm i procesyjnie wejdziemy do ko\u015bcio\u0142a. Bardzo prosz\u0119 dzieci o przygotowanie w tym tygodniu pi\u0119knych palm bo wracamy do tradycji i b\u0119dziemy po mszy \u015bw. wybiera\u0107 5 najpi\u0119kniejszych. B\u0119d\u0105 nagrody. Po\u015bwi\u0119cenie palm b\u0119dzie na ka\u017cdej mszy \u015bw.<\/p>\n<p>&nbsp;<\/p>\n<p>&nbsp;<\/p>\n<p>&nbsp;<\/p>\n","protected":false},"excerpt":{"rendered":"<p>&nbsp; Krzy\u017cowa \u00a03 .IV . 2022 r. \u00a0\u00a0\u00a0\u00a0\u00a0\u00a0\u00a0\u00a0\u00a0\u00a0\u00a0\u00a0\u00a0\u00a0\u00a0\u00a0\u00a0\u00a0\u00a0\u00a0\u00a0\u00a0\u00a0\u00a0\u00a0\u00a0\u00a0\u00a0\u00a0\u00a0\u00a0\u00a0\u00a0\u00a0\u00a0\u00a0\u00a0\u00a0\u00a0\u00a0\u00a0\u00a0\u00a0\u00a0\u00a0\u00a0\u00a0\u00a0\u00a0\u00a0\u00a0\u00a0\u00a0\u00a0\u00a0\u00a0\u00a0\u00a0\u00a0\u00a0\u00a0\u00a0\u00a0\u00a0\u00a0\u00a0\u00a0\u00a0\u00a0\u00a0\u00a0\u00a0\u00a0\u00a0\u00a0\u00a0\u00a0 \u00a0\u00a0\u00a0\u00a0\u00a0\u00a0\u00a0\u00a0\u00a0\u00a0\u00a0\u00a0\u00a0\u00a0\u00a0\u00a0\u00a0\u00a0\u00a0\u00a0\u00a0\u00a0\u00a0\u00a0\u00a0\u00a0\u00a0\u00a0\u00a0\u00a0\u00a0\u00a0\u00a0\u00a0\u00a0 \u00a0\u00a0\u00a0\u00a0\u00a0\u00a0\u00a0\u00a0\u00a0\u00a0\u00a0\u00a0\u00a0\u00a0\u00a0\u00a0\u00a0\u00a0\u00a0\u00a0\u00a0\u00a0\u00a0\u00a0\u00a0\u00a0\u00a0\u00a0\u00a0\u00a0\u00a0\u00a0 \u00a0 \u00a0 \u00a0 \u00a0 \u00a0 \u00a0 \u00a0 \u00a0 \u00a0 \u00a0 \u00a0 \u00a0 \u00a0 \u00a0 \u00a0 \u00a0 \u00a0 \u00a0 \u00a0 \u00a0 \u00a0 \u00a0\u00a0V\u00a0 NIEDZIELA WIELKIEGO POSTU &nbsp; Dzi\u015b przypada I niedziela kwietnia. Po ka\u017cdej mszy \u015bw. adoracja Pana Jezusa w Naj\u015bwi\u0119tszym Sakramencie. Po mszy \u015bw. o [&hellip;]<\/p>\n","protected":false},"author":0,"featured_media":0,"comment_status":"closed","ping_status":"closed","sticky":false,"template":"","format":"standard","meta":{"ngg_post_thumbnail":0,"footnotes":""},"categories":[3],"tags":[],"class_list":["post-2851","post","type-post","status-publish","format-standard","hentry","category-ogloszenia"],"aioseo_notices":[],"_links":{"self":[{"href":"https:\/\/parafiakrzyzowa.pl\/index.php?rest_route=\/wp\/v2\/posts\/2851","targetHints":{"allow":["GET"]}}],"collection":[{"href":"https:\/\/parafiakrzyzowa.pl\/index.php?rest_route=\/wp\/v2\/posts"}],"about":[{"href":"https:\/\/parafiakrzyzowa.pl\/index.php?rest_route=\/wp\/v2\/types\/post"}],"replies":[{"embeddable":true,"href":"https:\/\/parafiakrzyzowa.pl\/index.php?rest_route=%2Fwp%2Fv2%2Fcomments&post=2851"}],"version-history":[{"count":1,"href":"https:\/\/parafiakrzyzowa.pl\/index.php?rest_route=\/wp\/v2\/posts\/2851\/revisions"}],"predecessor-version":[{"id":2852,"href":"https:\/\/parafiakrzyzowa.pl\/index.php?rest_route=\/wp\/v2\/posts\/2851\/revisions\/2852"}],"wp:attachment":[{"href":"https:\/\/parafiakrzyzowa.pl\/index.php?rest_route=%2Fwp%2Fv2%2Fmedia&parent=2851"}],"wp:term":[{"taxonomy":"category","embeddable":true,"href":"https:\/\/parafiakrzyzowa.pl\/index.php?rest_route=%2Fwp%2Fv2%2Fcategories&post=2851"},{"taxonomy":"post_tag","embeddable":true,"href":"https:\/\/parafiakrzyzowa.pl\/index.php?rest_route=%2Fwp%2Fv2%2Ftags&post=2851"}],"curies":[{"name":"wp","href":"https:\/\/api.w.org\/{rel}","templated":true}]}}