{"id":2867,"date":"2022-04-09T08:09:57","date_gmt":"2022-04-09T08:09:57","guid":{"rendered":"https:\/\/parafiakrzyzowa.pl\/?p=2867"},"modified":"2022-04-09T08:10:03","modified_gmt":"2022-04-09T08:10:03","slug":"2867","status":"publish","type":"post","link":"https:\/\/parafiakrzyzowa.pl\/?p=2867","title":{"rendered":""},"content":{"rendered":"<p>&nbsp;<\/p>\n<p>&nbsp;<\/p>\n<p><strong>\u00a0\u00a0\u00a0\u00a0\u00a0\u00a0\u00a0\u00a0\u00a0\u00a0\u00a0\u00a0\u00a0\u00a0\u00a0\u00a0\u00a0\u00a0\u00a0\u00a0\u00a0\u00a0\u00a0\u00a0\u00a0\u00a0\u00a0\u00a0\u00a0\u00a0\u00a0\u00a0\u00a0\u00a0 <\/strong><strong><u>INTENCJE MSZY \u015aWI\u0118TYCH<\/u><\/strong><\/p>\n<p><strong>\u00a0<\/strong><\/p>\n<p><strong><u>\u00a0<\/u><\/strong><\/p>\n<p><strong><u>NIEDZIELA PALMOWA 10. IV. 2022r.<\/u><\/strong><\/p>\n<p>&nbsp;<\/p>\n<p>Godz..8:00-\u00a0\u00a0\u00a0 \u00a0\u00a0+ W\u0142adys\u0142aw J\u0119drzejas w 5r. \u015bmierci<\/p>\n<p>&nbsp;<\/p>\n<p>Godz. 10\u00a0 &#8211; \u00a0\u00a0\u00a0++\u00a0 Magdalena Witas w 6r. \u015bmierci m\u0105\u017c J\u00f3zef<\/p>\n<p>&nbsp;<\/p>\n<p>Godz. 18\u00a0\u00a0 &#8211; \u00a0\u00a0\u00a0++ Jan Gawlas \u017cona Weronika syn J\u00f3zef<\/p>\n<p><strong><u>\u00a0<\/u><\/strong><\/p>\n<p><strong><u>PONIEDZIA\u0141EK 11 .IV. 2022r<\/u><\/strong><\/p>\n<p>&nbsp;<\/p>\n<p>Godz. 18\u00a0\u00a0 &#8211;\u00a0\u00a0\u00a0\u00a0\u00a0 \u00a0+ W\u0142adys\u0142aw G\u00f3ra<\/p>\n<p><strong><u>\u00a0<\/u><\/strong><\/p>\n<p><strong><u>WTOREK 12 .IV. 2022r. <\/u><\/strong><\/p>\n<p>&nbsp;<\/p>\n<p>Godz. 7:00 &#8211;\u00a0\u00a0\u00a0\u00a0\u00a0 \u00a0\u00a0\u00a0W intencji Parafian<\/p>\n<p><strong><u>\u00a0<\/u><\/strong><\/p>\n<p><strong><u>\u015aRODA 13 .IV. 2022r.<\/u><\/strong><\/p>\n<p>&nbsp;<\/p>\n<p>Godz. 18\u00a0\u00a0\u00a0 &#8211;\u00a0\u00a0 \u00a0++ Jan G\u00f3ra i rodzice Franciszek i Maria<\/p>\n<p><strong><u>\u00a0<\/u><\/strong><\/p>\n<p><strong><u>WIELKI\u00a0 CZWARTEK 14 .IV. 2022r.<\/u><\/strong><\/p>\n<p>&nbsp;<\/p>\n<p>Godz. 18\u00a0\u00a0 \u00a0\u00a0&#8211;\u00a0 \u00a0\u00a0MSZA \u015aW. WIECZERZY PA\u0143SKIEJ<\/p>\n<p>&nbsp;<\/p>\n<p><strong><u>WIELKI\u00a0 PI\u0104TEK \u00a015. IV. 2022r .<\/u><\/strong><\/p>\n<p>&nbsp;<\/p>\n<p>Godz. 18\u00a0\u00a0\u00a0\u00a0 &#8211;\u00a0 \u00a0\u00a0\u00a0OBRZ\u0118DY WIELKIEGO PI\u0104TKU<\/p>\n<p>&nbsp;<\/p>\n<p><strong><u>WIELKA\u00a0 SOBOTA \u00a016. IV. 2022r.<\/u><\/strong><\/p>\n<p>&nbsp;<\/p>\n<p>Godz. 18\u00a0\u00a0\u00a0\u00a0 &#8211;\u00a0 ++ Bronis\u0142aw J\u0119drzejas \u017cona Wiktoria syn J\u00f3zef<\/p>\n<p>&nbsp;<\/p>\n<p><strong><u>NIEDZIELA ZMARTWYCHWSTANIA\u00a0 PA\u0143SKIEGO 17 .IV. 2022r.<\/u><\/strong><\/p>\n<p>&nbsp;<\/p>\n<p>Godz. 7:00\u00a0 &#8211;\u00a0 \u00a0\u00a0\u00a0\u00a0+ \u0141ukasz Z\u0105bek<\/p>\n<p>&nbsp;<\/p>\n<p>Godz. 10\u00a0\u00a0 \u00a0&#8211;\u00a0 \u00a0\u00a0\u00a0\u00a0\u00a0+ Stanis\u0142aw \u0141oboz w 5r. \u015bmierci<\/p>\n<p>&nbsp;<\/p>\n<p>Godz. 18\u00a0 \u00a0\u00a0\u00a0&#8211;\u00a0\u00a0 \u00a0\u00a0\u00a0\u00a0\u00a0+ Jerzy Lipczy\u0144ski<\/p>\n","protected":false},"excerpt":{"rendered":"<p>&nbsp; &nbsp; \u00a0\u00a0\u00a0\u00a0\u00a0\u00a0\u00a0\u00a0\u00a0\u00a0\u00a0\u00a0\u00a0\u00a0\u00a0\u00a0\u00a0\u00a0\u00a0\u00a0\u00a0\u00a0\u00a0\u00a0\u00a0\u00a0\u00a0\u00a0\u00a0\u00a0\u00a0\u00a0\u00a0\u00a0 INTENCJE MSZY \u015aWI\u0118TYCH \u00a0 \u00a0 NIEDZIELA PALMOWA 10. IV. 2022r. &nbsp; Godz..8:00-\u00a0\u00a0\u00a0 \u00a0\u00a0+ W\u0142adys\u0142aw J\u0119drzejas w 5r. \u015bmierci &nbsp; Godz. 10\u00a0 &#8211; \u00a0\u00a0\u00a0++\u00a0 Magdalena Witas w 6r. \u015bmierci m\u0105\u017c J\u00f3zef &nbsp; Godz. 18\u00a0\u00a0 &#8211; \u00a0\u00a0\u00a0++ Jan Gawlas \u017cona Weronika syn J\u00f3zef \u00a0 PONIEDZIA\u0141EK 11 .IV. 2022r &nbsp; Godz. 18\u00a0\u00a0 &#8211;\u00a0\u00a0\u00a0\u00a0\u00a0 \u00a0+ W\u0142adys\u0142aw [&hellip;]<\/p>\n","protected":false},"author":0,"featured_media":0,"comment_status":"closed","ping_status":"closed","sticky":false,"template":"","format":"standard","meta":{"ngg_post_thumbnail":0,"footnotes":""},"categories":[7],"tags":[],"class_list":["post-2867","post","type-post","status-publish","format-standard","hentry","category-intencje"],"aioseo_notices":[],"_links":{"self":[{"href":"https:\/\/parafiakrzyzowa.pl\/index.php?rest_route=\/wp\/v2\/posts\/2867","targetHints":{"allow":["GET"]}}],"collection":[{"href":"https:\/\/parafiakrzyzowa.pl\/index.php?rest_route=\/wp\/v2\/posts"}],"about":[{"href":"https:\/\/parafiakrzyzowa.pl\/index.php?rest_route=\/wp\/v2\/types\/post"}],"replies":[{"embeddable":true,"href":"https:\/\/parafiakrzyzowa.pl\/index.php?rest_route=%2Fwp%2Fv2%2Fcomments&post=2867"}],"version-history":[{"count":1,"href":"https:\/\/parafiakrzyzowa.pl\/index.php?rest_route=\/wp\/v2\/posts\/2867\/revisions"}],"predecessor-version":[{"id":2868,"href":"https:\/\/parafiakrzyzowa.pl\/index.php?rest_route=\/wp\/v2\/posts\/2867\/revisions\/2868"}],"wp:attachment":[{"href":"https:\/\/parafiakrzyzowa.pl\/index.php?rest_route=%2Fwp%2Fv2%2Fmedia&parent=2867"}],"wp:term":[{"taxonomy":"category","embeddable":true,"href":"https:\/\/parafiakrzyzowa.pl\/index.php?rest_route=%2Fwp%2Fv2%2Fcategories&post=2867"},{"taxonomy":"post_tag","embeddable":true,"href":"https:\/\/parafiakrzyzowa.pl\/index.php?rest_route=%2Fwp%2Fv2%2Ftags&post=2867"}],"curies":[{"name":"wp","href":"https:\/\/api.w.org\/{rel}","templated":true}]}}