{"id":2906,"date":"2022-04-30T10:50:06","date_gmt":"2022-04-30T10:50:06","guid":{"rendered":"https:\/\/parafiakrzyzowa.pl\/?p=2906"},"modified":"2022-04-30T10:50:13","modified_gmt":"2022-04-30T10:50:13","slug":"2906","status":"publish","type":"post","link":"https:\/\/parafiakrzyzowa.pl\/?p=2906","title":{"rendered":""},"content":{"rendered":"<p>&nbsp;<\/p>\n<p>Krzy\u017cowa \u00a01 .V . 2022 r.<\/p>\n<p><strong>\u00a0\u00a0\u00a0\u00a0\u00a0\u00a0\u00a0\u00a0\u00a0\u00a0\u00a0\u00a0\u00a0\u00a0\u00a0\u00a0\u00a0\u00a0\u00a0\u00a0\u00a0\u00a0\u00a0\u00a0\u00a0\u00a0\u00a0\u00a0\u00a0\u00a0\u00a0\u00a0\u00a0\u00a0\u00a0\u00a0\u00a0\u00a0\u00a0\u00a0\u00a0\u00a0\u00a0\u00a0\u00a0\u00a0\u00a0\u00a0\u00a0\u00a0\u00a0\u00a0\u00a0\u00a0\u00a0\u00a0\u00a0\u00a0\u00a0\u00a0\u00a0\u00a0\u00a0\u00a0\u00a0\u00a0\u00a0\u00a0\u00a0\u00a0\u00a0\u00a0\u00a0\u00a0\u00a0\u00a0\u00a0 <\/strong><\/p>\n<p><strong>\u00a0 \u00a0 \u00a0 \u00a0 \u00a0 \u00a0 \u00a0 \u00a0 \u00a0 \u00a0 \u00a0 \u00a0 \u00a0 \u00a0 \u00a0 \u00a0 \u00a0 \u00a0 \u00a0 \u00a0 \u00a0 \u00a0 \u00a0\u00a0<\/strong><strong>\u00a0<\/strong><strong>\u00a0<\/strong><strong><u>III\u00a0 NIEDZIELA WIELKANOCNA<\/u><\/strong><\/p>\n<p>&nbsp;<\/p>\n<p>Rozpoczyna si\u0119 dzisiaj miesi\u0105c maj \u2013 miesi\u0105c maryjny . Codziennie b\u0119dziemy si\u0119 modli\u0107 \u015bpiewaj\u0105c Litanie Loreta\u0144sk\u0105 do Matki Naj\u015bwi\u0119tszej w r\u00f3\u017cnych intencjach , a szczeg\u00f3lne o pok\u00f3j na Ukrainie .<\/p>\n<p>&nbsp;<\/p>\n<p>Bardzo serdecznie zapraszam ca\u0142\u0105 parafi\u0119 przez ca\u0142y miesi\u0105c na maj\u00f3wki.<\/p>\n<p>Msze \u015bw. w maju w dni powszednie b\u0119d\u0105 odprawiane o godz. 18 . Nabo\u017ce\u0144stwa majowe b\u0119d\u0105 po mszy \u015bw. w dni powszednie, a w niedziele i \u015bwi\u0119ta przed msz\u0105 \u015bw. wieczorn\u0105 o godz. 17:30.<\/p>\n<p>&nbsp;<\/p>\n<p>W Krzy\u017c\u00f3wkach maj\u00f3wki b\u0119d\u0105 codziennie przy kaplicy o godz. 17:00. Bardzo serdecznie prosz\u0119 dzieci z Krzy\u017c\u00f3wek aby uczestniczy\u0142y w tym nabo\u017ce\u0144stwie przy kaplicy w Krzy\u017c\u00f3wkach.<\/p>\n<p>Dzi\u015b w naszej parafii uroczysto\u015b\u0107 I Komunii \u015bw. Dzieci z klasy III przyst\u0119puj\u0105 do Sto\u0142u Pa\u0144skiego po raz pierwszy. Po komunii \u015bw. dzieci b\u0119d\u0105\u00a0 prze\u017cywa\u0142y w strojach komunijnych tzw, Bia\u0142y Tydzie\u0144.<\/p>\n<p>Wszystkie dzieci i ich rodziny otaczamy naszymi serdecznymi modlitwami .<\/p>\n<p>&nbsp;<\/p>\n<p>We wtorek przypada Uroczysto\u015b\u0107 Naj\u015bwi\u0119tszej Maryi Panny Kr\u00f3lowej Polski. To wielkie religijne\u00a0 \u00a0 \u00a0 \u00a0i patriotyczne \u015bwi\u0119to naszej Ojczyzny. Msze \u015bw. w porz\u0105dku niedzielnym tzn. 8, 10 i 18 wieczorem. Maj\u00f3wka o godz. 17:30<\/p>\n<p>W tym tygodniu przypada I czwartek pi\u0105tek i sobota miesi\u0105ca. Spowied\u017a \u015bw. w pi\u0105tek od godz. 17 do 18. Wizyta u naszych senior\u00f3w od godz. 9:00.<\/p>\n<p>&nbsp;<\/p>\n<p>Najbli\u017csz\u0105 niedziel\u0119 8 maja prze\u017cywa\u0107 b\u0119dziemy na mszy \u015bw. o godz. 10 1 rocznic\u0119 I Komunii \u015bw. dzieci z klasy IV. Spotkanie z tymi dzie\u0107mi b\u0119dzie w \u015brod\u0119 o godz. 16:30.<\/p>\n<p>&nbsp;<\/p>\n<p>Zach\u0119cam do nabywania prasy katolickiej.<\/p>\n<p>&nbsp;<\/p>\n<p>Dzi\u0119kuj\u0119 Paniom za sprz\u0105tanie ko\u015bcio\u0142a w tym tygodniu, a rodzicom dzieci komunijnych za pi\u0119kne przygotowanie naszej \u015bwi\u0105tyni do dzisiejszej uroczysto\u015bci. Nast\u0119pne sprz\u0105tanie b\u0119dzie w sobot\u0119\u00a0 \u00a0 \u00a0 \u00a0 o godz. 9:00 . Sprz\u0105taj\u0105 Panie: Lucyna Kormaniak Beata Kormaniak Halina \u0141ysie\u0144 i Marzena Juraszek. Nie kupujemy kwiat\u00f3w.<\/p>\n<p>&nbsp;<\/p>\n<p>Kalendarz liturgiczny<\/p>\n<p>&nbsp;<\/p>\n<p>Poniedzia\u0142ek \u2013 wsp. \u015bw. Atanazego biskupa i Doktora Ko\u015bcio\u0142a<\/p>\n<p>Wtorek \u2013 uroczysto\u015b\u0107 NM Panny Kr\u00f3lowej Polski<\/p>\n<p>\u015aroda \u2013 wsp. \u015bw. Floriana m\u0119czennika<\/p>\n<p>Pi\u0105tek \u2013 \u015bwi\u0119to \u015bw. Aposto\u0142\u00f3w Filipa i Jakuba<\/p>\n<p>&nbsp;<\/p>\n<p>W ostatnim tygodniu odszed\u0142 do Pana po wieczn\u0105 nagrod\u0119 z naszej rodziny parafialnej \u015bp. Czes\u0142aw Z\u0105bek.\u00a0\u00a0\u00a0\u00a0 Wieczny odpoczynek racz mu da\u0107 Panie\u2026..<\/p>\n<p>&nbsp;<\/p>\n<p>&nbsp;<\/p>\n","protected":false},"excerpt":{"rendered":"<p>&nbsp; Krzy\u017cowa \u00a01 .V . 2022 r. \u00a0\u00a0\u00a0\u00a0\u00a0\u00a0\u00a0\u00a0\u00a0\u00a0\u00a0\u00a0\u00a0\u00a0\u00a0\u00a0\u00a0\u00a0\u00a0\u00a0\u00a0\u00a0\u00a0\u00a0\u00a0\u00a0\u00a0\u00a0\u00a0\u00a0\u00a0\u00a0\u00a0\u00a0\u00a0\u00a0\u00a0\u00a0\u00a0\u00a0\u00a0\u00a0\u00a0\u00a0\u00a0\u00a0\u00a0\u00a0\u00a0\u00a0\u00a0\u00a0\u00a0\u00a0\u00a0\u00a0\u00a0\u00a0\u00a0\u00a0\u00a0\u00a0\u00a0\u00a0\u00a0\u00a0\u00a0\u00a0\u00a0\u00a0\u00a0\u00a0\u00a0\u00a0\u00a0\u00a0\u00a0 \u00a0 \u00a0 \u00a0 \u00a0 \u00a0 \u00a0 \u00a0 \u00a0 \u00a0 \u00a0 \u00a0 \u00a0 \u00a0 \u00a0 \u00a0 \u00a0 \u00a0 \u00a0 \u00a0 \u00a0 \u00a0 \u00a0 \u00a0\u00a0\u00a0\u00a0III\u00a0 NIEDZIELA WIELKANOCNA &nbsp; Rozpoczyna si\u0119 dzisiaj miesi\u0105c maj \u2013 miesi\u0105c maryjny . Codziennie b\u0119dziemy si\u0119 modli\u0107 \u015bpiewaj\u0105c Litanie Loreta\u0144sk\u0105 do Matki Naj\u015bwi\u0119tszej w r\u00f3\u017cnych [&hellip;]<\/p>\n","protected":false},"author":0,"featured_media":0,"comment_status":"closed","ping_status":"closed","sticky":false,"template":"","format":"standard","meta":{"ngg_post_thumbnail":0,"footnotes":""},"categories":[3],"tags":[],"class_list":["post-2906","post","type-post","status-publish","format-standard","hentry","category-ogloszenia"],"aioseo_notices":[],"_links":{"self":[{"href":"https:\/\/parafiakrzyzowa.pl\/index.php?rest_route=\/wp\/v2\/posts\/2906","targetHints":{"allow":["GET"]}}],"collection":[{"href":"https:\/\/parafiakrzyzowa.pl\/index.php?rest_route=\/wp\/v2\/posts"}],"about":[{"href":"https:\/\/parafiakrzyzowa.pl\/index.php?rest_route=\/wp\/v2\/types\/post"}],"replies":[{"embeddable":true,"href":"https:\/\/parafiakrzyzowa.pl\/index.php?rest_route=%2Fwp%2Fv2%2Fcomments&post=2906"}],"version-history":[{"count":1,"href":"https:\/\/parafiakrzyzowa.pl\/index.php?rest_route=\/wp\/v2\/posts\/2906\/revisions"}],"predecessor-version":[{"id":2907,"href":"https:\/\/parafiakrzyzowa.pl\/index.php?rest_route=\/wp\/v2\/posts\/2906\/revisions\/2907"}],"wp:attachment":[{"href":"https:\/\/parafiakrzyzowa.pl\/index.php?rest_route=%2Fwp%2Fv2%2Fmedia&parent=2906"}],"wp:term":[{"taxonomy":"category","embeddable":true,"href":"https:\/\/parafiakrzyzowa.pl\/index.php?rest_route=%2Fwp%2Fv2%2Fcategories&post=2906"},{"taxonomy":"post_tag","embeddable":true,"href":"https:\/\/parafiakrzyzowa.pl\/index.php?rest_route=%2Fwp%2Fv2%2Ftags&post=2906"}],"curies":[{"name":"wp","href":"https:\/\/api.w.org\/{rel}","templated":true}]}}