{"id":2920,"date":"2022-05-14T10:30:26","date_gmt":"2022-05-14T10:30:26","guid":{"rendered":"https:\/\/parafiakrzyzowa.pl\/?p=2920"},"modified":"2022-05-14T13:07:33","modified_gmt":"2022-05-14T13:07:33","slug":"2920","status":"publish","type":"post","link":"https:\/\/parafiakrzyzowa.pl\/?p=2920","title":{"rendered":""},"content":{"rendered":"<p>&nbsp;<\/p>\n<p>&nbsp;<\/p>\n<p><strong>\u00a0\u00a0\u00a0\u00a0\u00a0\u00a0\u00a0\u00a0\u00a0\u00a0\u00a0\u00a0\u00a0\u00a0\u00a0\u00a0\u00a0\u00a0\u00a0\u00a0\u00a0\u00a0\u00a0\u00a0\u00a0\u00a0\u00a0\u00a0\u00a0\u00a0\u00a0\u00a0\u00a0\u00a0 <\/strong><strong><u>INTENCJE MSZY \u015aWI\u0118TYCH<\/u><\/strong><\/p>\n<p>&nbsp;<\/p>\n<p><strong><u>NIEDZIELA \u00a015. V. 2022r.<\/u><\/strong><\/p>\n<p>&nbsp;<\/p>\n<p>Godz..8:00-\u00a0\u00a0\u00a0 ++ Jan Galas\u00a0 w 32r. \u015bmierci \u017cona J\u00f3zefa i wnuk Jan<\/p>\n<p>&nbsp;<\/p>\n<p>Godz. 10\u00a0 &#8211; \u00a0\u00a0\u00a0\u00a0\u00a0\u00a0\u00a0\u00a0O zdrowie i b\u0142. Bo\u017ce dla Zuzi Marii Pietraszko w dniu chrztu \u015bw. i jej rodziny<\/p>\n<p>&#8211;\u00a0\u00a0\u00a0 ++ Jan Michalec w 2r. \u015bmierci i rodzice<\/p>\n<p>&nbsp;<\/p>\n<p>Godz. 18\u00a0\u00a0 &#8211; \u00a0\u00a0\u00a0\u00a0\u00a0\u00a0+ W\u0142adys\u0142aw Pastor w 4r. \u015bmierci<\/p>\n<p><strong><u>\u00a0<\/u><\/strong><\/p>\n<p><strong><u>PONIEDZIA\u0141EK \u00a016 .V. 2022r<\/u><\/strong><\/p>\n<p>&nbsp;<\/p>\n<p>Godz. 18\u00a0\u00a0\u00a0 &#8211;\u00a0\u00a0\u00a0\u00a0 \u00a0\u00a0+ Tadeusz Klimczak<\/p>\n<p><strong><u>\u00a0<\/u><\/strong><\/p>\n<p><strong><u>WTOREK 17 . V. 2022r. <\/u><\/strong><\/p>\n<p>&nbsp;<\/p>\n<p>Godz. 18\u00a0\u00a0\u00a0 &#8211;\u00a0\u00a0\u00a0\u00a0 ++ Jan Wrzeszcz brat i rodzice<\/p>\n<p><strong><u>\u00a0<\/u><\/strong><\/p>\n<p><strong><u>\u015aRODA 18 .V. 2022r.<\/u><\/strong><\/p>\n<p>&nbsp;<\/p>\n<p>Godz. 18\u00a0\u00a0\u00a0 &#8211; \u00a0\u00a0\u00a0\u00a0\u00a0\u00a0\u00a0+ Kazimierz P\u0142aza<\/p>\n<p><strong><u>\u00a0<\/u><\/strong><\/p>\n<p><strong><u>CZWARTEK 19 .V. 2022r.<\/u><\/strong><\/p>\n<p>&nbsp;<\/p>\n<p>Godz. \u00a018\u00a0 \u00a0&#8211;\u00a0\u00a0\u00a0 \u00a0\u00a0\u00a0\u00a0+ \u00a0Andrzej Mr\u00f3zek<\/p>\n<p>&nbsp;<\/p>\n<p><strong><u>\u00a0PI\u0104TEK \u00a020. V. 2022r .<\/u><\/strong><\/p>\n<p>&nbsp;<\/p>\n<p>Godz. 18\u00a0\u00a0\u00a0\u00a0 &#8211;\u00a0 \u00a0\u00a0\u00a0\u00a0\u00a0\u00a0\u00a0\u00a0\u00a0Do Bo\u017cego Mi\u0142osierdzia<\/p>\n<p><strong><u>\u00a0\u00a0\u00a0\u00a0\u00a0\u00a0\u00a0\u00a0\u00a0\u00a0\u00a0\u00a0\u00a0\u00a0\u00a0\u00a0 <\/u><\/strong><\/p>\n<p><strong><u>\u00a0SOBOTA \u00a021. V. 2022r.<\/u><\/strong><\/p>\n<p>&nbsp;<\/p>\n<p>Godz. 18\u00a0\u00a0\u00a0\u00a0 &#8211;\u00a0\u00a0\u00a0\u00a0\u00a0\u00a0\u00a0 + \u00a0Maria Mrowiec w 14r. \u015bmierci<\/p>\n<p>&nbsp;<\/p>\n<p>&nbsp;<\/p>\n<p><strong><u>NIEDZIELA \u00a022 .V. 2022r.<\/u><\/strong><\/p>\n<p>&nbsp;<\/p>\n<p>Godz. 8:00\u00a0 &#8211;\u00a0 \u00a0\u00a0\u00a0\u00a0\u00a0\u00a0\u00a0+ Stefan Urba\u015b w 1r. \u015bmierci<\/p>\n<p>&nbsp;<\/p>\n<p>Godz. 10\u00a0\u00a0 \u00a0&#8211;\u00a0 \u00a0\u00a0\u00a0\u00a0\u00a0\u00a0\u00a0\u00a0+ Tadeusz P\u0142aza<\/p>\n<p>&nbsp;<\/p>\n<p>Godz. 18\u00a0 \u00a0\u00a0\u00a0&#8211;\u00a0\u00a0 \u00a0\u00a0\u00a0\u00a0\u00a0\u00a0\u00a0+ Tadeusz Krzesak w 15r. \u015bmierci<\/p>\n","protected":false},"excerpt":{"rendered":"<p>&nbsp; &nbsp; \u00a0\u00a0\u00a0\u00a0\u00a0\u00a0\u00a0\u00a0\u00a0\u00a0\u00a0\u00a0\u00a0\u00a0\u00a0\u00a0\u00a0\u00a0\u00a0\u00a0\u00a0\u00a0\u00a0\u00a0\u00a0\u00a0\u00a0\u00a0\u00a0\u00a0\u00a0\u00a0\u00a0\u00a0 INTENCJE MSZY \u015aWI\u0118TYCH &nbsp; NIEDZIELA \u00a015. V. 2022r. &nbsp; Godz..8:00-\u00a0\u00a0\u00a0 ++ Jan Galas\u00a0 w 32r. \u015bmierci \u017cona J\u00f3zefa i wnuk Jan &nbsp; Godz. 10\u00a0 &#8211; \u00a0\u00a0\u00a0\u00a0\u00a0\u00a0\u00a0\u00a0O zdrowie i b\u0142. Bo\u017ce dla Zuzi Marii Pietraszko w dniu chrztu \u015bw. i jej rodziny &#8211;\u00a0\u00a0\u00a0 ++ Jan Michalec w 2r. \u015bmierci i rodzice &nbsp; Godz. [&hellip;]<\/p>\n","protected":false},"author":0,"featured_media":0,"comment_status":"closed","ping_status":"closed","sticky":false,"template":"","format":"standard","meta":{"ngg_post_thumbnail":0,"footnotes":""},"categories":[7],"tags":[],"class_list":["post-2920","post","type-post","status-publish","format-standard","hentry","category-intencje"],"aioseo_notices":[],"_links":{"self":[{"href":"https:\/\/parafiakrzyzowa.pl\/index.php?rest_route=\/wp\/v2\/posts\/2920","targetHints":{"allow":["GET"]}}],"collection":[{"href":"https:\/\/parafiakrzyzowa.pl\/index.php?rest_route=\/wp\/v2\/posts"}],"about":[{"href":"https:\/\/parafiakrzyzowa.pl\/index.php?rest_route=\/wp\/v2\/types\/post"}],"replies":[{"embeddable":true,"href":"https:\/\/parafiakrzyzowa.pl\/index.php?rest_route=%2Fwp%2Fv2%2Fcomments&post=2920"}],"version-history":[{"count":2,"href":"https:\/\/parafiakrzyzowa.pl\/index.php?rest_route=\/wp\/v2\/posts\/2920\/revisions"}],"predecessor-version":[{"id":2926,"href":"https:\/\/parafiakrzyzowa.pl\/index.php?rest_route=\/wp\/v2\/posts\/2920\/revisions\/2926"}],"wp:attachment":[{"href":"https:\/\/parafiakrzyzowa.pl\/index.php?rest_route=%2Fwp%2Fv2%2Fmedia&parent=2920"}],"wp:term":[{"taxonomy":"category","embeddable":true,"href":"https:\/\/parafiakrzyzowa.pl\/index.php?rest_route=%2Fwp%2Fv2%2Fcategories&post=2920"},{"taxonomy":"post_tag","embeddable":true,"href":"https:\/\/parafiakrzyzowa.pl\/index.php?rest_route=%2Fwp%2Fv2%2Ftags&post=2920"}],"curies":[{"name":"wp","href":"https:\/\/api.w.org\/{rel}","templated":true}]}}