{"id":2962,"date":"2022-06-10T17:32:27","date_gmt":"2022-06-10T17:32:27","guid":{"rendered":"https:\/\/parafiakrzyzowa.pl\/?p=2962"},"modified":"2022-06-10T17:32:32","modified_gmt":"2022-06-10T17:32:32","slug":"2962","status":"publish","type":"post","link":"https:\/\/parafiakrzyzowa.pl\/?p=2962","title":{"rendered":""},"content":{"rendered":"<p>&nbsp;<\/p>\n<p>&nbsp;<\/p>\n<p><strong>\u00a0\u00a0<\/strong><strong><u>INTENCJE MSZY \u015aWI\u0118TYCH<\/u><\/strong><\/p>\n<p><strong><u>\u00a0<\/u><\/strong><\/p>\n<p><strong><u>NIEDZIELA \u00a012 . VI. 2022r.<\/u><\/strong><\/p>\n<p>&nbsp;<\/p>\n<p>Godz..8:00-\u00a0\u00a0\u00a0\u00a0 +\u00a0 Franciszek Cudzich w 10r. \u015bmierci<\/p>\n<p>&nbsp;<\/p>\n<p>Godz. 10\u00a0 &#8211; \u00a0\u00a0\u00a0\u00a0\u00a0+ Jan Juraszek w 1r. \u015bmierci<\/p>\n<p>&nbsp;<\/p>\n<p>Godz. 18\u00a0\u00a0 &#8211; \u00a0\u00a0\u00a0\u00a0\u00a0\u00a0+ W\u0142adys\u0142aw J\u0119drzejas w 8r.\u015bmierci<\/p>\n<p><strong><u>\u00a0<\/u><\/strong><\/p>\n<p><strong><u>PONIEDZIA\u0141EK \u00a013.VI. 2022r.<\/u><\/strong><\/p>\n<p><strong><u>\u00a0<\/u><\/strong><\/p>\n<p>Godz. 18\u00a0\u00a0\u00a0 &#8211;\u00a0 ++ Renata Mutz m\u0105\u017c Eugeniusz i syn Jacek<\/p>\n<p><strong><u>\u00a0<\/u><\/strong><\/p>\n<p><strong><u>WTOREK 14 . VI. 2022r. <\/u><\/strong><\/p>\n<p>&nbsp;<\/p>\n<p>Godz. 7:00\u00a0 &#8211;\u00a0\u00a0\u00a0 + Weronika Kami\u0144ska<\/p>\n<p><strong><u>\u00a0<\/u><\/strong><\/p>\n<p><strong><u>\u015aRODA 15 .VI. 2022r.<\/u><\/strong><\/p>\n<p>&nbsp;<\/p>\n<p>Godz. 18\u00a0\u00a0\u00a0 &#8211;\u00a0\u00a0 \u00a0\u00a0\u00a0+ J\u00f3zef Cudzich<\/p>\n<p><strong><u>\u00a0<\/u><\/strong><\/p>\n<p><strong><u>CZWARTEK 16 .VI. 2022r.-BO\u017bE CIA\u0141O<\/u><\/strong><\/p>\n<p>&nbsp;<\/p>\n<p>Godz. \u00a08:00 &#8211;\u00a0\u00a0\u00a0 \u00a0\u00a0\u00a0\u00a0W intencji Parafii<\/p>\n<p>Godz. 10\u00a0\u00a0\u00a0\u00a0 &#8211;\u00a0\u00a0\u00a0\u00a0\u00a0\u00a0\u00a0\u00a0 O zdrowie i b\u0142. Bo\u017ce dla cz\u0142onki\u0144 R\u00f3\u017cy \u015bw. s. Faustyny Kowalskiej<\/p>\n<p>Godz. 18\u00a0\u00a0\u00a0\u00a0 &#8211;\u00a0\u00a0\u00a0\u00a0\u00a0 + Ma\u0142gorzata Michalec<\/p>\n<p>&nbsp;<\/p>\n<p><strong><u>\u00a0PI\u0104TEK \u00a017. VI. 2022r .<\/u><\/strong><\/p>\n<p>&nbsp;<\/p>\n<p>Godz. 18\u00a0\u00a0\u00a0\u00a0 &#8211;\u00a0 \u00a0\u00a0\u00a0\u00a0\u00a0+ Kazimierz Strza\u0142ka w 8r. \u015bmierci<\/p>\n<p>&nbsp;<\/p>\n<p><strong><u>\u00a0SOBOTA \u00a018. VI. 2022r.<\/u><\/strong><\/p>\n<p>&nbsp;<\/p>\n<p>Godz. 18\u00a0\u00a0\u00a0\u00a0 &#8211;\u00a0\u00a0\u00a0\u00a0\u00a0\u00a0\u00a0 + Karol J\u0119drzejas w 43r. \u015bmierci<\/p>\n<p>Krzy\u017c\u00f3wki godz. 19 &#8211;\u00a0\u00a0 O zdrowie i b\u0142. Bo\u017ce dla wszystkich parafian z Krzy\u017c\u00f3wek<\/p>\n<p>&nbsp;<\/p>\n<p><strong><u>NIEDZIELA \u00a019 .VI. 2022r.<\/u><\/strong><\/p>\n<p>&nbsp;<\/p>\n<p>Godz. 8:00\u00a0 &#8211;\u00a0 \u00a0\u00a0\u00a0++ Franciszek Kami\u0144ski \u017cona Anna c\u00f3rka Maria i syn Stanis\u0142aw<\/p>\n<p>&nbsp;<\/p>\n<p>Godz. 10 &#8211;\u00a0 \u00a0Dzi\u0119kczynna z pro\u015bb\u0105 o zdrowie i b\u0142. Bo\u017ce dla Karoliny i Patryka Kami\u0144skich w 1r \u015blubu<\/p>\n<p>&nbsp;<\/p>\n<p>Godz. 18\u00a0 \u00a0\u00a0\u00a0&#8211;\u00a0\u00a0 \u00a0\u00a0++ Zofia S\u0142owik m\u0105\u017c W\u0142adys\u0142aw<\/p>\n","protected":false},"excerpt":{"rendered":"<p>&nbsp; &nbsp; \u00a0\u00a0INTENCJE MSZY \u015aWI\u0118TYCH \u00a0 NIEDZIELA \u00a012 . VI. 2022r. &nbsp; Godz..8:00-\u00a0\u00a0\u00a0\u00a0 +\u00a0 Franciszek Cudzich w 10r. \u015bmierci &nbsp; Godz. 10\u00a0 &#8211; \u00a0\u00a0\u00a0\u00a0\u00a0+ Jan Juraszek w 1r. \u015bmierci &nbsp; Godz. 18\u00a0\u00a0 &#8211; \u00a0\u00a0\u00a0\u00a0\u00a0\u00a0+ W\u0142adys\u0142aw J\u0119drzejas w 8r.\u015bmierci \u00a0 PONIEDZIA\u0141EK \u00a013.VI. 2022r. \u00a0 Godz. 18\u00a0\u00a0\u00a0 &#8211;\u00a0 ++ Renata Mutz m\u0105\u017c Eugeniusz i syn Jacek \u00a0 [&hellip;]<\/p>\n","protected":false},"author":0,"featured_media":0,"comment_status":"closed","ping_status":"closed","sticky":false,"template":"","format":"standard","meta":{"ngg_post_thumbnail":0,"footnotes":""},"categories":[7],"tags":[],"class_list":["post-2962","post","type-post","status-publish","format-standard","hentry","category-intencje"],"aioseo_notices":[],"_links":{"self":[{"href":"https:\/\/parafiakrzyzowa.pl\/index.php?rest_route=\/wp\/v2\/posts\/2962","targetHints":{"allow":["GET"]}}],"collection":[{"href":"https:\/\/parafiakrzyzowa.pl\/index.php?rest_route=\/wp\/v2\/posts"}],"about":[{"href":"https:\/\/parafiakrzyzowa.pl\/index.php?rest_route=\/wp\/v2\/types\/post"}],"replies":[{"embeddable":true,"href":"https:\/\/parafiakrzyzowa.pl\/index.php?rest_route=%2Fwp%2Fv2%2Fcomments&post=2962"}],"version-history":[{"count":1,"href":"https:\/\/parafiakrzyzowa.pl\/index.php?rest_route=\/wp\/v2\/posts\/2962\/revisions"}],"predecessor-version":[{"id":2963,"href":"https:\/\/parafiakrzyzowa.pl\/index.php?rest_route=\/wp\/v2\/posts\/2962\/revisions\/2963"}],"wp:attachment":[{"href":"https:\/\/parafiakrzyzowa.pl\/index.php?rest_route=%2Fwp%2Fv2%2Fmedia&parent=2962"}],"wp:term":[{"taxonomy":"category","embeddable":true,"href":"https:\/\/parafiakrzyzowa.pl\/index.php?rest_route=%2Fwp%2Fv2%2Fcategories&post=2962"},{"taxonomy":"post_tag","embeddable":true,"href":"https:\/\/parafiakrzyzowa.pl\/index.php?rest_route=%2Fwp%2Fv2%2Ftags&post=2962"}],"curies":[{"name":"wp","href":"https:\/\/api.w.org\/{rel}","templated":true}]}}