{"id":2966,"date":"2022-06-18T08:16:31","date_gmt":"2022-06-18T08:16:31","guid":{"rendered":"https:\/\/parafiakrzyzowa.pl\/?p=2966"},"modified":"2022-06-18T19:23:12","modified_gmt":"2022-06-18T19:23:12","slug":"2966","status":"publish","type":"post","link":"https:\/\/parafiakrzyzowa.pl\/?p=2966","title":{"rendered":""},"content":{"rendered":"<p>&nbsp;<\/p>\n<p>&nbsp;<\/p>\n<p><strong>\u00a0\u00a0<\/strong><strong><u>INTENCJE MSZY \u015aWI\u0118TYCH<\/u><\/strong><\/p>\n<p><strong><u>\u00a0<\/u><\/strong><\/p>\n<p><strong><u>NIEDZIELA \u00a019 . VI. 2022r.<\/u><\/strong><\/p>\n<p>&nbsp;<\/p>\n<p>Godz..8:00-\u00a0\u00a0\u00a0\u00a0 + + Franciszek Kami\u0144ski \u017cona Anna c\u00f3rka Maria syn Stanis\u0142aw<\/p>\n<p>&nbsp;<\/p>\n<p>Godz. 10\u00a0 &#8211; \u00a0\u00a0\u00a0\u00a0\u00a0\u00a0\u00a0\u00a0\u00a0\u00a0O zdrowie i b\u0142. Bo\u017ce dla Karoliny i Patryka Kami\u0144skich w 1r. \u015blubu<\/p>\n<p>&nbsp;<\/p>\n<p>Godz. 18\u00a0\u00a0 &#8211; \u00a0\u00a0\u00a0\u00a0\u00a0\u00a0++ Zofia S\u0142owik m\u0105\u017c W\u0142adys\u0142aw<\/p>\n<p><strong><u>\u00a0<\/u><\/strong><\/p>\n<p><strong><u>PONIEDZIA\u0141EK \u00a020.VI. 2022r.<\/u><\/strong><\/p>\n<p><strong><u>\u00a0<\/u><\/strong><\/p>\n<p>Godz. 18\u00a0\u00a0\u00a0 &#8211;\u00a0 \u00a0\u00a0\u00a0\u00a0\u00a0\u00a0\u00a0\u00a0\u00a0\u00a0O zdrowie i b\u0142. Bo\u017ce dla cz\u0142onki\u0144 R\u00f3\u017cy \u015bw. Jana Paw\u0142a II<\/p>\n<p><strong><u>\u00a0<\/u><\/strong><\/p>\n<p><strong><u>WTOREK 21 . VI. 2022r. <\/u><\/strong><\/p>\n<p>&nbsp;<\/p>\n<p>Godz. 18\u00a0 \u00a0\u00a0&#8211;\u00a0\u00a0\u00a0 \u00a0\u00a0\u00a0\u00a0\u00a0\u00a0\u00a0O b\u0142. Bo\u017ce i opiek\u0119 Matki Bo\u017cej dla parafian z Krzy\u017cowej \u015arodkowej<\/p>\n<p><strong><u>\u00a0<\/u><\/strong><\/p>\n<p><strong><u>\u015aRODA 22 .VI. 2022r.<\/u><\/strong><\/p>\n<p>&nbsp;<\/p>\n<p>Godz. 18\u00a0\u00a0\u00a0 &#8211;\u00a0\u00a0 \u00a0\u00a0\u00a0\u00a0\u00a0\u00a0\u00a0\u00a0O zdrowie i b\u0142. Bo\u017ce dla cz\u0142onki\u0144 R\u00f3\u017cy \u015bw. Anny<\/p>\n<p><strong><u>\u00a0<\/u><\/strong><\/p>\n<p><strong><u>CZWARTEK 23 .VI. 2002r.<\/u><\/strong><\/p>\n<p>&nbsp;<\/p>\n<p>Godz. 18 \u00a0\u00a0\u00a0\u00a0&#8211;\u00a0\u00a0\u00a0\u00a0\u00a0\u00a0 + Czes\u0142aw Z\u0105bek<\/p>\n<p>&nbsp;<\/p>\n<p><strong><u>\u00a0PI\u0104TEK \u00a024. VI. 2022r .<\/u><\/strong><\/p>\n<p>&nbsp;<\/p>\n<p>Godz. 18\u00a0\u00a0\u00a0\u00a0 &#8211;\u00a0 \u00a0\u00a0\u00a0\u00a0\u00a0+ \u00a0Jan P\u0142aza<\/p>\n<p><strong><u>\u00a0\u00a0\u00a0\u00a0\u00a0\u00a0\u00a0\u00a0\u00a0\u00a0\u00a0\u00a0\u00a0\u00a0\u00a0\u00a0 <\/u><\/strong><\/p>\n<p><strong><u>\u00a0SOBOTA \u00a025. VI. 2022r.<\/u><\/strong><\/p>\n<p>&nbsp;<\/p>\n<p>Godz. 18\u00a0\u00a0\u00a0\u00a0 &#8211;\u00a0\u00a0\u00a0\u00a0\u00a0\u00a0\u00a0 +\u00a0 \u0141ukasz Z\u0105bek w 2r. \u015bmierci<\/p>\n<p>Krzy\u017c\u00f3wki godz. 19 &#8211;\u00a0\u00a0 W pewnej intencji<\/p>\n<p>&nbsp;<\/p>\n<p><strong><u>NIEDZIELA \u00a026 .VI. 2022r.<\/u><\/strong><\/p>\n<p>&nbsp;<\/p>\n<p>Godz. 8:00\u00a0 &#8211;\u00a0 \u00a0 \u00a0 + Adam Dendys w 14r. \u015bmierci<\/p>\n<p>&nbsp;<\/p>\n<p>Godz. 11:30 \u00a0&#8211;\u00a0 \u00a0\u00a0\u00a0\u00a0\u00a0\u00a0SUMA ODPUSTOWA W INTENCJI PARAFII<\/p>\n<p>+\u00a0 W\u0142adys\u0142aw J\u0119drzejas<\/p>\n<p>&nbsp;<\/p>\n<p>Godz. 18\u00a0 \u00a0\u00a0\u00a0&#8211;\u00a0\u00a0 \u00a0\u00a0\u00a0\u00a0\u00a0+ J\u00f3zef Pastor<\/p>\n","protected":false},"excerpt":{"rendered":"<p>&nbsp; &nbsp; \u00a0\u00a0INTENCJE MSZY \u015aWI\u0118TYCH \u00a0 NIEDZIELA \u00a019 . VI. 2022r. &nbsp; Godz..8:00-\u00a0\u00a0\u00a0\u00a0 + + Franciszek Kami\u0144ski \u017cona Anna c\u00f3rka Maria syn Stanis\u0142aw &nbsp; Godz. 10\u00a0 &#8211; \u00a0\u00a0\u00a0\u00a0\u00a0\u00a0\u00a0\u00a0\u00a0\u00a0O zdrowie i b\u0142. Bo\u017ce dla Karoliny i Patryka Kami\u0144skich w 1r. \u015blubu &nbsp; Godz. 18\u00a0\u00a0 &#8211; \u00a0\u00a0\u00a0\u00a0\u00a0\u00a0++ Zofia S\u0142owik m\u0105\u017c W\u0142adys\u0142aw \u00a0 PONIEDZIA\u0141EK \u00a020.VI. 2022r. \u00a0 Godz. [&hellip;]<\/p>\n","protected":false},"author":0,"featured_media":0,"comment_status":"closed","ping_status":"closed","sticky":false,"template":"","format":"standard","meta":{"ngg_post_thumbnail":0,"footnotes":""},"categories":[7],"tags":[],"class_list":["post-2966","post","type-post","status-publish","format-standard","hentry","category-intencje"],"aioseo_notices":[],"_links":{"self":[{"href":"https:\/\/parafiakrzyzowa.pl\/index.php?rest_route=\/wp\/v2\/posts\/2966","targetHints":{"allow":["GET"]}}],"collection":[{"href":"https:\/\/parafiakrzyzowa.pl\/index.php?rest_route=\/wp\/v2\/posts"}],"about":[{"href":"https:\/\/parafiakrzyzowa.pl\/index.php?rest_route=\/wp\/v2\/types\/post"}],"replies":[{"embeddable":true,"href":"https:\/\/parafiakrzyzowa.pl\/index.php?rest_route=%2Fwp%2Fv2%2Fcomments&post=2966"}],"version-history":[{"count":2,"href":"https:\/\/parafiakrzyzowa.pl\/index.php?rest_route=\/wp\/v2\/posts\/2966\/revisions"}],"predecessor-version":[{"id":2971,"href":"https:\/\/parafiakrzyzowa.pl\/index.php?rest_route=\/wp\/v2\/posts\/2966\/revisions\/2971"}],"wp:attachment":[{"href":"https:\/\/parafiakrzyzowa.pl\/index.php?rest_route=%2Fwp%2Fv2%2Fmedia&parent=2966"}],"wp:term":[{"taxonomy":"category","embeddable":true,"href":"https:\/\/parafiakrzyzowa.pl\/index.php?rest_route=%2Fwp%2Fv2%2Fcategories&post=2966"},{"taxonomy":"post_tag","embeddable":true,"href":"https:\/\/parafiakrzyzowa.pl\/index.php?rest_route=%2Fwp%2Fv2%2Ftags&post=2966"}],"curies":[{"name":"wp","href":"https:\/\/api.w.org\/{rel}","templated":true}]}}