{"id":2969,"date":"2022-06-18T08:18:02","date_gmt":"2022-06-18T08:18:02","guid":{"rendered":"https:\/\/parafiakrzyzowa.pl\/?p=2969"},"modified":"2022-06-18T08:18:08","modified_gmt":"2022-06-18T08:18:08","slug":"2969","status":"publish","type":"post","link":"https:\/\/parafiakrzyzowa.pl\/?p=2969","title":{"rendered":""},"content":{"rendered":"<p>Krzy\u017cowa 19.VI. 2022r.<\/p>\n<p>&nbsp;<\/p>\n<p>&nbsp;<\/p>\n<p>&nbsp;<\/p>\n<p><strong><u>XII\u00a0 NIEDZIELA\u00a0 ZWYK\u0141A<\/u><\/strong><\/p>\n<p>&nbsp;<\/p>\n<p>Zapraszam jeszcze dzisiaj na nabo\u017ce\u0144stwo do Naj\u015bwi\u0119tszego Serca Pana Jezusa z procesj\u0105 z Panem Jezusem w ramach oktawy Bo\u017cego Cia\u0142a o godz. 17:30.<\/p>\n<p>W tym tygodniu msze \u015bw. z okazji Oktawy b\u0119d\u0105 o godz. 18:00. Zapraszam na codzienn\u0105 procesj\u0119 wszystkich parafian , a szczeg\u00f3lne dziewczynki do sypania kwiat\u00f3w jak r\u00f3wnie\u017c ch\u0142opc\u00f3w.<\/p>\n<p>W czwartek na zako\u0144czenie oktawy Bo\u017cego Cia\u0142a i procesji po\u015bwi\u0119cenie wiank\u00f3w. Serdecznie zapraszam wszystkie dzici.<\/p>\n<p>&nbsp;<\/p>\n<p>W pi\u0105tek zako\u0144czenie roku szkolnego. Zapraszam wszystkich nauczycieli , pracownik\u00f3w naszych szk\u00f3\u0142 a przede wszystkim uczni\u00f3w na msz\u0119 \u015bw. o godz. 8:00. W tym dniu nie obowi\u0105zuje post.<\/p>\n<p>W czwartek od godz. 16:30 do 18 b\u0119dzie spowied\u017a \u015bw. na zako\u0144czenie roku szkolnego i przed odpustem w naszej parafii. Bardzo serdecznie zapraszam.<\/p>\n<p>&nbsp;<\/p>\n<p>W najbli\u017csz\u0105 niedziel\u0119 w naszej parafii jest odpust ku czci Niepokalanego Serca NM Panny. Msze \u015bw. b\u0119d\u0105 o godz. 8:00 suma odpustowa o godz. 11:30 i wieczorem o godz. 18.<\/p>\n<p>&nbsp;<\/p>\n<p>Sum\u0119 odpustow\u0105 b\u0119dzie odprawia\u0142 i g\u0142osi\u0142 kazanie ks. Jacek P\u0119dziwiatr rekolekcjonista wielkopostny w naszej parafii.<\/p>\n<p>&nbsp;<\/p>\n<p>Zapraszam na sum\u0119 odpustow\u0105 ca\u0142\u0105 parafi\u0119 a szczeg\u00f3lnie poczty sztandarowe szko\u0142y i stra\u017cak\u00f3w . naszych stra\u017cak\u00f3w KGW dzieci komunijne i rocznicowe. M\u0142odzie\u017c w strojach regionalnych oraz dziewczynki sypi\u0105ce kwiaty. Mam nadziej\u0119, \u017ce b\u0119dzie na sumie odpustowej zesp\u00f3\u0142 ludowy si\u00f3str Witas.<\/p>\n<p>Bardzo dzi\u0119kuj\u0119 za ofiary na rodzin\u0119 syryjsk\u0105 z Aleppo i za dotychczasowe ofiary na opa\u0142 na zim\u0119.<\/p>\n<p>&nbsp;<\/p>\n<p>Zach\u0119cam do nabywania prasy katolickiej.<\/p>\n<p>&nbsp;<\/p>\n<p>Dzi\u0119kuj\u0119 za sprz\u0105tanie ko\u015bcio\u0142a w tym tygodniu. Nast\u0119pne sprz\u0105tanie b\u0119dzie w sobot\u0119 o godz. 9:00.<\/p>\n<p>Sprz\u0105taj\u0105 Panie: Gra\u017cyna Duc Gra\u017cyna Duraj Ma\u0142gorzata Dendys i Anna Kaszlej.<\/p>\n<p>&nbsp;<\/p>\n<p>Kalendarz liturgiczny<\/p>\n<p>&nbsp;<\/p>\n<p>Wtorek \u2013 wsp. \u015bw. Alojzego Gonzagi zakonnika<\/p>\n<p>Czwartek \u2013 uroczysto\u015b\u0107 Narodzenia \u015bw. Jana Chrzciciela<\/p>\n<p>Pi\u0105tek \u2013 uroczysto\u015b\u0107 Naj\u015bwi\u0119tszego Serca Pana Jezusa<\/p>\n<p>Sobota \u2013 wsp. Niepokalanego Serca NM Panny<\/p>\n","protected":false},"excerpt":{"rendered":"<p>Krzy\u017cowa 19.VI. 2022r. &nbsp; &nbsp; &nbsp; XII\u00a0 NIEDZIELA\u00a0 ZWYK\u0141A &nbsp; Zapraszam jeszcze dzisiaj na nabo\u017ce\u0144stwo do Naj\u015bwi\u0119tszego Serca Pana Jezusa z procesj\u0105 z Panem Jezusem w ramach oktawy Bo\u017cego Cia\u0142a o godz. 17:30. W tym tygodniu msze \u015bw. z okazji Oktawy b\u0119d\u0105 o godz. 18:00. Zapraszam na codzienn\u0105 procesj\u0119 wszystkich parafian , a szczeg\u00f3lne dziewczynki [&hellip;]<\/p>\n","protected":false},"author":0,"featured_media":0,"comment_status":"closed","ping_status":"closed","sticky":false,"template":"","format":"standard","meta":{"ngg_post_thumbnail":0,"footnotes":""},"categories":[3],"tags":[],"class_list":["post-2969","post","type-post","status-publish","format-standard","hentry","category-ogloszenia"],"aioseo_notices":[],"_links":{"self":[{"href":"https:\/\/parafiakrzyzowa.pl\/index.php?rest_route=\/wp\/v2\/posts\/2969","targetHints":{"allow":["GET"]}}],"collection":[{"href":"https:\/\/parafiakrzyzowa.pl\/index.php?rest_route=\/wp\/v2\/posts"}],"about":[{"href":"https:\/\/parafiakrzyzowa.pl\/index.php?rest_route=\/wp\/v2\/types\/post"}],"replies":[{"embeddable":true,"href":"https:\/\/parafiakrzyzowa.pl\/index.php?rest_route=%2Fwp%2Fv2%2Fcomments&post=2969"}],"version-history":[{"count":1,"href":"https:\/\/parafiakrzyzowa.pl\/index.php?rest_route=\/wp\/v2\/posts\/2969\/revisions"}],"predecessor-version":[{"id":2970,"href":"https:\/\/parafiakrzyzowa.pl\/index.php?rest_route=\/wp\/v2\/posts\/2969\/revisions\/2970"}],"wp:attachment":[{"href":"https:\/\/parafiakrzyzowa.pl\/index.php?rest_route=%2Fwp%2Fv2%2Fmedia&parent=2969"}],"wp:term":[{"taxonomy":"category","embeddable":true,"href":"https:\/\/parafiakrzyzowa.pl\/index.php?rest_route=%2Fwp%2Fv2%2Fcategories&post=2969"},{"taxonomy":"post_tag","embeddable":true,"href":"https:\/\/parafiakrzyzowa.pl\/index.php?rest_route=%2Fwp%2Fv2%2Ftags&post=2969"}],"curies":[{"name":"wp","href":"https:\/\/api.w.org\/{rel}","templated":true}]}}