{"id":2977,"date":"2022-06-25T07:30:14","date_gmt":"2022-06-25T07:30:14","guid":{"rendered":"https:\/\/parafiakrzyzowa.pl\/?p=2977"},"modified":"2022-06-25T07:30:21","modified_gmt":"2022-06-25T07:30:21","slug":"2977","status":"publish","type":"post","link":"https:\/\/parafiakrzyzowa.pl\/?p=2977","title":{"rendered":""},"content":{"rendered":"<p>&nbsp;<\/p>\n<p>&nbsp;<\/p>\n<p><strong>\u00a0\u00a0<\/strong><strong><u>INTENCJE MSZY \u015aWI\u0118TYCH<\/u><\/strong><\/p>\n<p><strong><u>\u00a0<\/u><\/strong><\/p>\n<p><strong><u>NIEDZIELA \u00a026 . VI. 2022r.<\/u><\/strong><\/p>\n<p>&nbsp;<\/p>\n<p>Godz..8:00\u00a0\u00a0\u00a0\u00a0 &#8211;\u00a0\u00a0 \u00a0\u00a0+ Adam Dendys w 14r. \u015bmierci<\/p>\n<p>&nbsp;<\/p>\n<p>Godz. 11:30\u00a0 &#8211; \u00a0\u00a0\u00a0\u00a0\u00a0\u00a0\u00a0SUMA ODPUSTOWA W INTENCJI PARAFIAN<\/p>\n<p>&#8211;\u00a0\u00a0\u00a0\u00a0 + W\u0142adys\u0142aw J\u0119drzejas<\/p>\n<p>&nbsp;<\/p>\n<p>Godz. 18\u00a0 \u00a0\u00a0\u00a0\u00a0\u00a0\u00a0&#8211; \u00a0\u00a0\u00a0\u00a0\u00a0+ J\u00f3zef Pastor<\/p>\n<p><strong><u>\u00a0<\/u><\/strong><\/p>\n<p><strong><u>PONIEDZIA\u0141EK \u00a027.VI. 2022r.<\/u><\/strong><\/p>\n<p><strong><u>\u00a0<\/u><\/strong><\/p>\n<p>Godz. 18\u00a0 \u00a0\u00a0\u00a0\u00a0\u00a0&#8211;\u00a0 \u00a0\u00a0\u00a0\u00a0\u00a0\u00a0+ W\u0142adys\u0142aw G\u00f3ra<\/p>\n<p><strong><u>\u00a0<\/u><\/strong><\/p>\n<p><strong><u>WTOREK 28 . VI. 2022r. <\/u><\/strong><\/p>\n<p>&nbsp;<\/p>\n<p>Godz. 7:00\u00a0\u00a0\u00a0 &#8211;\u00a0\u00a0\u00a0 \u00a0\u00a0\u00a0\u00a0\u00a0\u00a0W intencji Parafian<\/p>\n<p><strong><u>\u00a0<\/u><\/strong><\/p>\n<p><strong><u>\u015aRODA 29 .VI. 2022r.- UROCZYSTO\u015a\u0106 \u015aW. APOSTO\u0141\u00d3W PIOTRA I PAW\u0141A<\/u><\/strong><\/p>\n<p>&nbsp;<\/p>\n<p>Godz. 8:00\u00a0\u00a0\u00a0 &#8211;\u00a0\u00a0 \u00a0\u00a0\u00a0\u00a0+ Piotr Cicho\u0144<\/p>\n<p>Godz. 18\u00a0\u00a0\u00a0\u00a0\u00a0\u00a0 &#8211;\u00a0\u00a0\u00a0\u00a0\u00a0\u00a0 + Jadwiga Nowak<\/p>\n<p><strong><u>\u00a0<\/u><\/strong><\/p>\n<p><strong><u>CZWARTEK 30 .VI. 2002r.<\/u><\/strong><\/p>\n<p>&nbsp;<\/p>\n<p>Godz. 7:00\u00a0\u00a0\u00a0 &#8211;\u00a0\u00a0\u00a0\u00a0 \u00a0\u00a0\u00a0+ Weronika Kami\u0144ska<\/p>\n<p>&nbsp;<\/p>\n<p><strong><u>\u00a0PI\u0104TEK \u00a01. VII. 2022r .<\/u><\/strong><\/p>\n<p>&nbsp;<\/p>\n<p>Godz. 18\u00a0\u00a0\u00a0 \u00a0\u00a0\u00a0&#8211;\u00a0 \u00a0\u00a0\u00a0\u00a0\u00a0\u00a0\u00a0\u00a0Za zmar\u0142ych wypominanych<\/p>\n<p>&nbsp;<\/p>\n<p><strong><u>\u00a0SOBOTA \u00a02. VII. 2022r.<\/u><\/strong><\/p>\n<p>&nbsp;<\/p>\n<p>Godz. 18\u00a0\u00a0\u00a0 \u00a0\u00a0\u00a0&#8211;\u00a0\u00a0\u00a0\u00a0 \u00a0\u00a0\u00a0\u00a0\u00a0O zdrowie i b\u0142. Bo\u017ce dla Bernadetty i J\u00f3zefa Cudzich\u00f3w\u00a0 w 30r. \u015blubu<\/p>\n<p>Krzy\u017c\u00f3wki godz. 19 &#8211;\u00a0 ++ J\u00f3zef Pastor i rodzice<\/p>\n<p>&nbsp;<\/p>\n<p><strong><u>NIEDZIELA \u00a03 .VII. 2022r.<\/u><\/strong><\/p>\n<p>&nbsp;<\/p>\n<p>Godz. 8:00 \u00a0\u00a0\u00a0\u00a0&#8211;\u00a0 \u00a0\u00a0\u00a0+ Mieczys\u0142aw Pastor w 1r. \u015bmierci<\/p>\n<p>&nbsp;<\/p>\n<p>Godz. 10:00 \u00a0&#8211;\u00a0 \u00a0\u00a0\u00a0+ Helena Caputa w 14r. \u015bmierci<\/p>\n<p>&nbsp;<\/p>\n<p>Godz. 18\u00a0 \u00a0\u00a0\u00a0\u00a0\u00a0\u00a0&#8211;\u00a0\u00a0 \u00a0\u00a0\u00a0\u00a0\u00a0O zdrowie i b\u0142. Bo\u017ce dla Michasi Mr\u00f3zek w 18r. urodzin<\/p>\n<p>++ Jerzy Kubala\u0144ca \u017cona Maria<\/p>\n","protected":false},"excerpt":{"rendered":"<p>&nbsp; &nbsp; \u00a0\u00a0INTENCJE MSZY \u015aWI\u0118TYCH \u00a0 NIEDZIELA \u00a026 . VI. 2022r. &nbsp; Godz..8:00\u00a0\u00a0\u00a0\u00a0 &#8211;\u00a0\u00a0 \u00a0\u00a0+ Adam Dendys w 14r. \u015bmierci &nbsp; Godz. 11:30\u00a0 &#8211; \u00a0\u00a0\u00a0\u00a0\u00a0\u00a0\u00a0SUMA ODPUSTOWA W INTENCJI PARAFIAN &#8211;\u00a0\u00a0\u00a0\u00a0 + W\u0142adys\u0142aw J\u0119drzejas &nbsp; Godz. 18\u00a0 \u00a0\u00a0\u00a0\u00a0\u00a0\u00a0&#8211; \u00a0\u00a0\u00a0\u00a0\u00a0+ J\u00f3zef Pastor \u00a0 PONIEDZIA\u0141EK \u00a027.VI. 2022r. \u00a0 Godz. 18\u00a0 \u00a0\u00a0\u00a0\u00a0\u00a0&#8211;\u00a0 \u00a0\u00a0\u00a0\u00a0\u00a0\u00a0+ W\u0142adys\u0142aw G\u00f3ra \u00a0 WTOREK 28 . [&hellip;]<\/p>\n","protected":false},"author":0,"featured_media":0,"comment_status":"closed","ping_status":"closed","sticky":false,"template":"","format":"standard","meta":{"ngg_post_thumbnail":0,"footnotes":""},"categories":[7],"tags":[],"class_list":["post-2977","post","type-post","status-publish","format-standard","hentry","category-intencje"],"aioseo_notices":[],"_links":{"self":[{"href":"https:\/\/parafiakrzyzowa.pl\/index.php?rest_route=\/wp\/v2\/posts\/2977","targetHints":{"allow":["GET"]}}],"collection":[{"href":"https:\/\/parafiakrzyzowa.pl\/index.php?rest_route=\/wp\/v2\/posts"}],"about":[{"href":"https:\/\/parafiakrzyzowa.pl\/index.php?rest_route=\/wp\/v2\/types\/post"}],"replies":[{"embeddable":true,"href":"https:\/\/parafiakrzyzowa.pl\/index.php?rest_route=%2Fwp%2Fv2%2Fcomments&post=2977"}],"version-history":[{"count":1,"href":"https:\/\/parafiakrzyzowa.pl\/index.php?rest_route=\/wp\/v2\/posts\/2977\/revisions"}],"predecessor-version":[{"id":2978,"href":"https:\/\/parafiakrzyzowa.pl\/index.php?rest_route=\/wp\/v2\/posts\/2977\/revisions\/2978"}],"wp:attachment":[{"href":"https:\/\/parafiakrzyzowa.pl\/index.php?rest_route=%2Fwp%2Fv2%2Fmedia&parent=2977"}],"wp:term":[{"taxonomy":"category","embeddable":true,"href":"https:\/\/parafiakrzyzowa.pl\/index.php?rest_route=%2Fwp%2Fv2%2Fcategories&post=2977"},{"taxonomy":"post_tag","embeddable":true,"href":"https:\/\/parafiakrzyzowa.pl\/index.php?rest_route=%2Fwp%2Fv2%2Ftags&post=2977"}],"curies":[{"name":"wp","href":"https:\/\/api.w.org\/{rel}","templated":true}]}}