{"id":2980,"date":"2022-06-25T07:31:36","date_gmt":"2022-06-25T07:31:36","guid":{"rendered":"https:\/\/parafiakrzyzowa.pl\/?p=2980"},"modified":"2022-06-25T07:31:44","modified_gmt":"2022-06-25T07:31:44","slug":"2980","status":"publish","type":"post","link":"https:\/\/parafiakrzyzowa.pl\/?p=2980","title":{"rendered":""},"content":{"rendered":"<p>Krzy\u017cowa 26.VI. 2022r.<\/p>\n<p>&nbsp;<\/p>\n<p>&nbsp;<\/p>\n<p>&nbsp;<\/p>\n<p><strong><u>XIII\u00a0 NIEDZIELA\u00a0 ZWYK\u0141A<\/u><\/strong><\/p>\n<p>&nbsp;<\/p>\n<p>&nbsp;<\/p>\n<p>W naszej rodzinie parafialnej prze\u017cywamy uroczysto\u015bc odpustow\u0105 ku czci Niepokalanego Serca NM Panny. Maryja jest nie tylko nasz\u0105 patronk\u0105, ale najlepsz\u0105 Matk\u0105 czego codziennie do\u015bwiadczamy.<\/p>\n<p>Opiece naszej Patronki polecam ca\u0142\u0105 nasz\u0105 parafi\u0119 ka\u017cd\u0105 rodzin\u0119 , nasz\u0105 m\u0142odzie\u017c dzieci i senior\u00f3w i wszystkich chorych w naszej parafii.<\/p>\n<p>Bardzo dzi\u0119kuj\u0119 ks. Jackowi P\u0119dziwiatrowi za celebrowanie sumy odpustowej i za kazania , kt\u00f3re g\u0142osi dzi\u015b na wszystkich mszach \u015bw.<\/p>\n<p>B\u00f3g zap\u0142a\u0107 ksi\u0119\u017com naszego dekanatu za ich modlitewn\u0105 obecno\u015b\u0107 na mszy \u015bw.<\/p>\n<p>&nbsp;<\/p>\n<p>Dzi\u0119kuj\u0119 wszystkim wsp\u00f3lnotom naszej parafii za u\u015bwietnienie naszej uroczysto\u015bci szczeg\u00f3lnie ludowej kapeli pocztom sztandarowym szko\u0142y i stra\u017cak\u00f3w, Ko\u0142u Gospody\u0144 Wiejskich , dzieciom komunijnym dziewczynko sypi\u0105cym kwiaty i S\u0142u\u017cbie Liturgicznej O\u0142tarza.<\/p>\n<p>Zapraszam na codzienn\u0105 msz\u0119 \u015bw. do naszego ko\u015bcio\u0142a. We wtorki i czwartki msze \u015bw. o godz. 7:00. Ostatnie nabo\u017ce\u0144stwo do Serca Pana Jezusa w czwartek.<\/p>\n<p>W \u015brod\u0119 przypada uroczysto\u015b\u0107 \u015bw. Aposto\u0142\u00f3w Piotra i Paw\u0142a. Msze \u015bw. w naszym ko\u015bciele o godz. 8:00 i 18 wieczorem. Nabo\u017ce\u0144stwo czerwcowe b\u0119dzie w tym dni o 17:30.Sk\u0142adka w t\u0119 uroczysto\u015b\u0107 nazywana \u015awi\u0119topietrzem jest przeznaczona dla papie\u017ca Franciszka.<\/p>\n<p>&nbsp;<\/p>\n<p>W tym tygodniu przypada I pi\u0105tek i sobota miesi\u0105ca. Spowied\u017a \u015bw. w pi\u0105tek od 17 do 18. Po mszy \u015bw. nabo\u017ce\u0144stwo do Serca pana Jezusa. Nie wizyty u senior\u00f3w i chorych.<\/p>\n<p>&nbsp;<\/p>\n<p>W \u015brod\u0119 bardzo serdecznie prosz\u0119 o R\u00f3\u017caniec w intencji pokoju na Ukrainie, a w sobot\u0119 za nasz\u0105 parafi\u0119 a szczeg\u00f3lnie za nasze dzieci i m\u0142odzie\u017c kt\u00f3rzy rozpocz\u0119li wakacje.<\/p>\n<p>\u017bycz\u0119 wszystkim nauczycielom i uczniom pi\u0119knych , s\u0142onecznych i bezpiecznych wakacjach.<\/p>\n<p>&nbsp;<\/p>\n<p>Zach\u0119cam do nabywania prasy katolickiej.<\/p>\n<p>B\u00f3g zap\u0142a\u0107 za sprz\u0105tanie ko\u015bcio\u0142a w tym tygodniu. Nast\u0119pne sprz\u0105tanie b\u0119dzie w sobot\u0119 o goddz. 9:00. Sprz\u0105taj\u0105 panie: Gabriela Janiczek Renata walig\u00f3ra Ilona Walig\u00f3ra i Agnieszka Michalec. Nie kupujemy kwiat\u00f3w.<\/p>\n<p>&nbsp;<\/p>\n<p>&nbsp;<\/p>\n<p>Kalendarz liturgiczny<\/p>\n<p>Wtorek \u2013 wsp. \u015bw. Ireneusza biskupa i m\u0119czennika<\/p>\n<p>\u015aroda \u2013 uroczysto\u015b\u0107 \u015bw. Aposto\u0142\u00f3w Piotra i Paw\u0142a<\/p>\n","protected":false},"excerpt":{"rendered":"<p>Krzy\u017cowa 26.VI. 2022r. &nbsp; &nbsp; &nbsp; XIII\u00a0 NIEDZIELA\u00a0 ZWYK\u0141A &nbsp; &nbsp; W naszej rodzinie parafialnej prze\u017cywamy uroczysto\u015bc odpustow\u0105 ku czci Niepokalanego Serca NM Panny. Maryja jest nie tylko nasz\u0105 patronk\u0105, ale najlepsz\u0105 Matk\u0105 czego codziennie do\u015bwiadczamy. Opiece naszej Patronki polecam ca\u0142\u0105 nasz\u0105 parafi\u0119 ka\u017cd\u0105 rodzin\u0119 , nasz\u0105 m\u0142odzie\u017c dzieci i senior\u00f3w i wszystkich chorych w [&hellip;]<\/p>\n","protected":false},"author":0,"featured_media":0,"comment_status":"closed","ping_status":"closed","sticky":false,"template":"","format":"standard","meta":{"ngg_post_thumbnail":0,"footnotes":""},"categories":[3],"tags":[],"class_list":["post-2980","post","type-post","status-publish","format-standard","hentry","category-ogloszenia"],"aioseo_notices":[],"_links":{"self":[{"href":"https:\/\/parafiakrzyzowa.pl\/index.php?rest_route=\/wp\/v2\/posts\/2980","targetHints":{"allow":["GET"]}}],"collection":[{"href":"https:\/\/parafiakrzyzowa.pl\/index.php?rest_route=\/wp\/v2\/posts"}],"about":[{"href":"https:\/\/parafiakrzyzowa.pl\/index.php?rest_route=\/wp\/v2\/types\/post"}],"replies":[{"embeddable":true,"href":"https:\/\/parafiakrzyzowa.pl\/index.php?rest_route=%2Fwp%2Fv2%2Fcomments&post=2980"}],"version-history":[{"count":1,"href":"https:\/\/parafiakrzyzowa.pl\/index.php?rest_route=\/wp\/v2\/posts\/2980\/revisions"}],"predecessor-version":[{"id":2981,"href":"https:\/\/parafiakrzyzowa.pl\/index.php?rest_route=\/wp\/v2\/posts\/2980\/revisions\/2981"}],"wp:attachment":[{"href":"https:\/\/parafiakrzyzowa.pl\/index.php?rest_route=%2Fwp%2Fv2%2Fmedia&parent=2980"}],"wp:term":[{"taxonomy":"category","embeddable":true,"href":"https:\/\/parafiakrzyzowa.pl\/index.php?rest_route=%2Fwp%2Fv2%2Fcategories&post=2980"},{"taxonomy":"post_tag","embeddable":true,"href":"https:\/\/parafiakrzyzowa.pl\/index.php?rest_route=%2Fwp%2Fv2%2Ftags&post=2980"}],"curies":[{"name":"wp","href":"https:\/\/api.w.org\/{rel}","templated":true}]}}