{"id":3046,"date":"2022-09-03T07:29:43","date_gmt":"2022-09-03T07:29:43","guid":{"rendered":"https:\/\/parafiakrzyzowa.pl\/?p=3046"},"modified":"2022-09-03T07:29:49","modified_gmt":"2022-09-03T07:29:49","slug":"3046","status":"publish","type":"post","link":"https:\/\/parafiakrzyzowa.pl\/?p=3046","title":{"rendered":""},"content":{"rendered":"<p>Krzy\u017cowa 4.IX. 2022r<\/p>\n<p><strong><u>XXIII\u00a0 NIEDZIELA\u00a0 ZWYK\u0141A<\/u><\/strong><\/p>\n<p>&nbsp;<\/p>\n<p>Dzi\u015b przypada I niedziela wrze\u015bnia . Po ka\u017cdej mszy \u015bw. adoracja Pana Jezusa w Naj\u015bwi\u0119tszym Sakramencie.<\/p>\n<p>&nbsp;<\/p>\n<p>Rozpocz\u0105\u0142 si\u0119 nowy rok szkolny. \u017bycz\u0119 wszystkim uczniom pracowito\u015bci i jak najlepszych wynik\u00f3w w\u00a0 nauce. Nauczycielom i wychowawcom zdrowia i mi\u0142o\u015bci do swoich wychowank\u00f3w.<\/p>\n<p>&nbsp;<\/p>\n<p>W \u015brod\u0119 zapraszam na msz\u0119 \u015bw. kandydat\u00f3w do Bierzmowania, a po mszy \u015bw. i Nowennie do MB Nieustaj\u0105cej Pomocy spotkanie w ko\u015bciele. Wszyscy kandydaci przynosz\u0105 na spotkanie stare dzienniczki.<\/p>\n<p>Wszystkie dziewczynki i ch\u0142opcy od 4 klasy\u00a0 mog\u0105 si\u0119 zapisywa\u0107 do S\u0142u\u017cby Liturgicznej O\u0142tarza jako kandydaci na ministrant\u00f3w . Mo\u017cna si\u0119 zapisywa\u0107 do 15 wrze\u015bnia u mnie lub u P. Katechety. Niebawem\u00a0 b\u0119dziemy mie\u0107 spotkania formacyjne na plebanii. Licz\u0119 , \u017ce w tym roku b\u0119dzie\u00a0 wielu kandydatek i kandydat\u00f3w.<\/p>\n<p>&nbsp;<\/p>\n<p>Mo\u017cna ju\u017c rezerwowa\u0107 terminy mszy \u015bw. na nowy rok 2023. Mam ju\u017c now\u0105 ksi\u0105\u017ck\u0119\u00a0 z intencjami.<\/p>\n<p>&nbsp;<\/p>\n<p>Dzi\u0119kuj\u0119 Paniom z sprz\u0105tanie ko\u015bcio\u0142a w tym tygodniu. Nast\u0119pne sprz\u0105tanie b\u0119dzie w sobot\u0119 o godz. 9:00. Sprz\u0105taj\u0105 Panie: Halina Walig\u00f3ra Ewa Michalec Beata Jasek i Janina Cul.<\/p>\n<p>&nbsp;<\/p>\n<p>Zach\u0119cam do nabywania prasy katolickiej.<\/p>\n<p>S\u0105 formularze na dodatek na w\u0119giel. Wype\u0142nione mo\u017cna zostawi\u0107 i ja jutro zawioz\u0119 do Urz\u0119du Gminy.<\/p>\n<p>&nbsp;<\/p>\n<p>Kalendarz liturgiczny<\/p>\n<p>\u015aroda \u2013 wsp. \u015bw. Melchiora Grodzieckiego kap\u0142ana i m\u0119czennika<\/p>\n<p>Czwartek \u2013 \u015bwi\u0119to Narodzenia NM Panny<\/p>\n<p>&nbsp;<\/p>\n<p>&nbsp;<\/p>\n<p>&nbsp;<\/p>\n<p>&nbsp;<\/p>\n<p>&nbsp;<\/p>\n","protected":false},"excerpt":{"rendered":"<p>Krzy\u017cowa 4.IX. 2022r XXIII\u00a0 NIEDZIELA\u00a0 ZWYK\u0141A &nbsp; Dzi\u015b przypada I niedziela wrze\u015bnia . Po ka\u017cdej mszy \u015bw. adoracja Pana Jezusa w Naj\u015bwi\u0119tszym Sakramencie. &nbsp; Rozpocz\u0105\u0142 si\u0119 nowy rok szkolny. \u017bycz\u0119 wszystkim uczniom pracowito\u015bci i jak najlepszych wynik\u00f3w w\u00a0 nauce. Nauczycielom i wychowawcom zdrowia i mi\u0142o\u015bci do swoich wychowank\u00f3w. &nbsp; W \u015brod\u0119 zapraszam na msz\u0119 \u015bw. [&hellip;]<\/p>\n","protected":false},"author":0,"featured_media":0,"comment_status":"closed","ping_status":"closed","sticky":false,"template":"","format":"standard","meta":{"ngg_post_thumbnail":0,"footnotes":""},"categories":[3],"tags":[],"class_list":["post-3046","post","type-post","status-publish","format-standard","hentry","category-ogloszenia"],"aioseo_notices":[],"_links":{"self":[{"href":"https:\/\/parafiakrzyzowa.pl\/index.php?rest_route=\/wp\/v2\/posts\/3046","targetHints":{"allow":["GET"]}}],"collection":[{"href":"https:\/\/parafiakrzyzowa.pl\/index.php?rest_route=\/wp\/v2\/posts"}],"about":[{"href":"https:\/\/parafiakrzyzowa.pl\/index.php?rest_route=\/wp\/v2\/types\/post"}],"replies":[{"embeddable":true,"href":"https:\/\/parafiakrzyzowa.pl\/index.php?rest_route=%2Fwp%2Fv2%2Fcomments&post=3046"}],"version-history":[{"count":1,"href":"https:\/\/parafiakrzyzowa.pl\/index.php?rest_route=\/wp\/v2\/posts\/3046\/revisions"}],"predecessor-version":[{"id":3047,"href":"https:\/\/parafiakrzyzowa.pl\/index.php?rest_route=\/wp\/v2\/posts\/3046\/revisions\/3047"}],"wp:attachment":[{"href":"https:\/\/parafiakrzyzowa.pl\/index.php?rest_route=%2Fwp%2Fv2%2Fmedia&parent=3046"}],"wp:term":[{"taxonomy":"category","embeddable":true,"href":"https:\/\/parafiakrzyzowa.pl\/index.php?rest_route=%2Fwp%2Fv2%2Fcategories&post=3046"},{"taxonomy":"post_tag","embeddable":true,"href":"https:\/\/parafiakrzyzowa.pl\/index.php?rest_route=%2Fwp%2Fv2%2Ftags&post=3046"}],"curies":[{"name":"wp","href":"https:\/\/api.w.org\/{rel}","templated":true}]}}