{"id":3063,"date":"2022-09-24T14:50:59","date_gmt":"2022-09-24T14:50:59","guid":{"rendered":"https:\/\/parafiakrzyzowa.pl\/?p=3063"},"modified":"2022-09-24T14:51:08","modified_gmt":"2022-09-24T14:51:08","slug":"3063","status":"publish","type":"post","link":"https:\/\/parafiakrzyzowa.pl\/?p=3063","title":{"rendered":""},"content":{"rendered":"<p>&nbsp;<\/p>\n<p>&nbsp;<\/p>\n<p><strong>\u00a0\u00a0<\/strong><strong><u>INTENCJE MSZY \u015aWI\u0118TYCH<\/u><\/strong><\/p>\n<p><strong><u>\u00a0<\/u><\/strong><\/p>\n<p><strong><u>\u00a0<\/u><\/strong><\/p>\n<p><strong><u>NIEDZIELA 25 .IX. 2022r.<\/u><\/strong><\/p>\n<p>&nbsp;<\/p>\n<p>Godz..8:00\u00a0\u00a0\u00a0\u00a0 &#8211;\u00a0 \u00a0\u00a0\u00a0\u00a0+ Tadeusz Klimczak<\/p>\n<p>&nbsp;<\/p>\n<p>Godz. 10:00\u00a0 &#8211;\u00a0\u00a0\u00a0\u00a0\u00a0\u00a0 + Tadeusz P\u0142aza<\/p>\n<p>&nbsp;<\/p>\n<p>Godz. 18\u00a0 \u00a0\u00a0\u00a0\u00a0\u00a0\u00a0&#8211; \u00a0\u00a0\u00a0++ Micha\u0142 Dere\u0144 \u017cona Felicja<\/p>\n<p><strong><u>\u00a0<\/u><\/strong><\/p>\n<p><strong><u>PONIEDZIA\u0141EK 26.IX. 2022r.<\/u><\/strong><\/p>\n<p>&nbsp;<\/p>\n<p>Godz. 18\u00a0\u00a0\u00a0\u00a0\u00a0\u00a0\u00a0\u00a0 &#8211; \u00a0++\u00a0 Anna \u00a0J\u0119drzejas m\u0105\u017c J\u00f3zef syn Jan<\/p>\n<p><strong><u>\u00a0<\/u><\/strong><\/p>\n<p><strong><u>WTOREK 27 .IX 2022r. <\/u><\/strong><\/p>\n<p>&nbsp;<\/p>\n<p>Godz. 7:00\u00a0\u00a0\u00a0 &#8211;\u00a0\u00a0\u00a0 \u00a0\u00a0\u00a0\u00a0\u00a0\u00a0W intencji Parafian<\/p>\n<p><strong><u>\u00a0<\/u><\/strong><\/p>\n<p><strong><u>\u015aRODA 28 .IX. 2022r.<\/u><\/strong><\/p>\n<p>&nbsp;<\/p>\n<p>Godz. 18\u00a0\u00a0\u00a0\u00a0\u00a0\u00a0 &#8211;\u00a0\u00a0 ++ Zbyszko G\u00f3ra ojciec W\u0142adys\u0142aw babcia Karolina<\/p>\n<p><strong><u>\u00a0<\/u><\/strong><\/p>\n<p><strong><u>CZWARTEK 29 .IX. 2002r.<\/u><\/strong><\/p>\n<p>&nbsp;<\/p>\n<p>Godz. 7:00\u00a0\u00a0\u00a0 &#8211;\u00a0\u00a0\u00a0\u00a0 \u00a0+ Wiktoria Czauderna<\/p>\n<p>&nbsp;<\/p>\n<p><strong><u>\u00a0PI\u0104TEK \u00a030. IX. 2022r .<\/u><\/strong><\/p>\n<p>&nbsp;<\/p>\n<p>Godz. 18\u00a0\u00a0\u00a0 \u00a0\u00a0\u00a0&#8211;\u00a0 \u00a0\u00a0\u00a0\u00a0+ Jerzy Lipczy\u0144ski<\/p>\n<p><strong><u>\u00a0\u00a0\u00a0\u00a0\u00a0\u00a0\u00a0\u00a0\u00a0\u00a0 \u00a0\u00a0\u00a0\u00a0\u00a0\u00a0<\/u><\/strong><\/p>\n<p><strong><u>\u00a0SOBOTA \u00a01. X. 2022r.<\/u><\/strong><\/p>\n<p>&nbsp;<\/p>\n<p>Godz. 17\u00a0\u00a0\u00a0 \u00a0\u00a0\u00a0&#8211; \u00a0\u00a0\u00a0\u00a0\u00a0+ Kazimierz P\u0142aza w 1r. \u015bmierci<\/p>\n<p>&nbsp;<\/p>\n<p><strong><u>NIEDZIELA \u00a02 .X. 2022r.<\/u><\/strong><\/p>\n<p>&nbsp;<\/p>\n<p>Godz. 8:00 \u00a0\u00a0\u00a0\u00a0&#8211;\u00a0 \u00a0\u00a0\u00a0+ Anna Krzesak w 1r. \u015bmierci<\/p>\n<p>&nbsp;<\/p>\n<p>Godz. 10:00 \u00a0&#8211;\u00a0 \u00a0\u00a0\u00a0+ J\u00f3zef Dendys w 8r. \u015bmierci<\/p>\n<p>&#8211; \u00a0\u00a0\u00a0\u00a0\u00a0\u00a0\u00a0O zdrowie i b\u0142. Bo\u017ce dla cz\u0142onki\u0144 R\u00f3\u017cy \u015bw. Franciszka z Krzy\u017cowek<\/p>\n<p>&nbsp;<\/p>\n<p>Godz. 18\u00a0 \u00a0\u00a0\u00a0\u00a0\u00a0\u00a0&#8211;\u00a0\u00a0\u00a0\u00a0 + Weronika Gawlas w 1r. \u015bmierci<\/p>\n","protected":false},"excerpt":{"rendered":"<p>&nbsp; &nbsp; \u00a0\u00a0INTENCJE MSZY \u015aWI\u0118TYCH \u00a0 \u00a0 NIEDZIELA 25 .IX. 2022r. &nbsp; Godz..8:00\u00a0\u00a0\u00a0\u00a0 &#8211;\u00a0 \u00a0\u00a0\u00a0\u00a0+ Tadeusz Klimczak &nbsp; Godz. 10:00\u00a0 &#8211;\u00a0\u00a0\u00a0\u00a0\u00a0\u00a0 + Tadeusz P\u0142aza &nbsp; Godz. 18\u00a0 \u00a0\u00a0\u00a0\u00a0\u00a0\u00a0&#8211; \u00a0\u00a0\u00a0++ Micha\u0142 Dere\u0144 \u017cona Felicja \u00a0 PONIEDZIA\u0141EK 26.IX. 2022r. &nbsp; Godz. 18\u00a0\u00a0\u00a0\u00a0\u00a0\u00a0\u00a0\u00a0 &#8211; \u00a0++\u00a0 Anna \u00a0J\u0119drzejas m\u0105\u017c J\u00f3zef syn Jan \u00a0 WTOREK 27 .IX 2022r. &nbsp; Godz. [&hellip;]<\/p>\n","protected":false},"author":0,"featured_media":0,"comment_status":"closed","ping_status":"closed","sticky":false,"template":"","format":"standard","meta":{"ngg_post_thumbnail":0,"footnotes":""},"categories":[7],"tags":[],"class_list":["post-3063","post","type-post","status-publish","format-standard","hentry","category-intencje"],"aioseo_notices":[],"_links":{"self":[{"href":"https:\/\/parafiakrzyzowa.pl\/index.php?rest_route=\/wp\/v2\/posts\/3063","targetHints":{"allow":["GET"]}}],"collection":[{"href":"https:\/\/parafiakrzyzowa.pl\/index.php?rest_route=\/wp\/v2\/posts"}],"about":[{"href":"https:\/\/parafiakrzyzowa.pl\/index.php?rest_route=\/wp\/v2\/types\/post"}],"replies":[{"embeddable":true,"href":"https:\/\/parafiakrzyzowa.pl\/index.php?rest_route=%2Fwp%2Fv2%2Fcomments&post=3063"}],"version-history":[{"count":1,"href":"https:\/\/parafiakrzyzowa.pl\/index.php?rest_route=\/wp\/v2\/posts\/3063\/revisions"}],"predecessor-version":[{"id":3064,"href":"https:\/\/parafiakrzyzowa.pl\/index.php?rest_route=\/wp\/v2\/posts\/3063\/revisions\/3064"}],"wp:attachment":[{"href":"https:\/\/parafiakrzyzowa.pl\/index.php?rest_route=%2Fwp%2Fv2%2Fmedia&parent=3063"}],"wp:term":[{"taxonomy":"category","embeddable":true,"href":"https:\/\/parafiakrzyzowa.pl\/index.php?rest_route=%2Fwp%2Fv2%2Fcategories&post=3063"},{"taxonomy":"post_tag","embeddable":true,"href":"https:\/\/parafiakrzyzowa.pl\/index.php?rest_route=%2Fwp%2Fv2%2Ftags&post=3063"}],"curies":[{"name":"wp","href":"https:\/\/api.w.org\/{rel}","templated":true}]}}