{"id":3086,"date":"2022-10-15T14:16:03","date_gmt":"2022-10-15T14:16:03","guid":{"rendered":"https:\/\/parafiakrzyzowa.pl\/?p=3086"},"modified":"2022-10-15T14:16:09","modified_gmt":"2022-10-15T14:16:09","slug":"3086","status":"publish","type":"post","link":"https:\/\/parafiakrzyzowa.pl\/?p=3086","title":{"rendered":""},"content":{"rendered":"<p>Krzy\u017cowa 16.X. 2022 r.<\/p>\n<p>&nbsp;<\/p>\n<p>&nbsp;<\/p>\n<p>&nbsp;<\/p>\n<p><strong><u>XXIX\u00a0 NIEDZIELA\u00a0 ZWYK\u0141A<\/u><\/strong><\/p>\n<p>&nbsp;<\/p>\n<p>Zapraszam jeszcze dzi\u015b na nabo\u017ce\u0144stwo r\u00f3\u017ca\u0144cowe o godz. 17:30.\u00a0 Przypominam \u017ce w pa\u017adzierniku msze \u015bw. w dni powszednie s\u0105 odprawiane o godz. 17 , a po mszy \u015bw. R\u00f3\u017caniec. \u00a0Bardzo serdecznie zapraszam wszystkich parafian na wsp\u00f3ln\u0105 modlitw\u0119.\u00a0 \u00a0Parafianie\u00a0 z Krzy\u017c\u00f3wek odmawiaj\u0105 R\u00f3\u017caniec przy kaplicy w Krzy\u017c\u00f3wkach.<\/p>\n<p>&nbsp;<\/p>\n<p>W tym tygodniu R\u00f3\u017canie poprowadz\u0105 : pon. m\u0142odzie\u017cowa R\u00f3\u017ca b\u0142. Karoliny K\u00f3zk\u00f3wny wt kl. IV \u015br. kl. III czw. kl. IV\u00a0 pt. kl. V \u00a0i sob. kl. II<\/p>\n<p>W sobot\u0119 przypada wspomnienie \u015bw. Jana Paw\u0142a II papie\u017ca patrona naszej szko\u0142y\u00a0 podstawowej.<\/p>\n<p>Zapraszam na ten dzie\u0144 wszystkich nauczycieli i pracownik\u00f3w naszej szko\u0142y na msz\u0119 \u015bw. i R\u00f3\u017caniec w intencji ca\u0142ej wsp\u00f3lnoty szkolnej.<\/p>\n<p>&nbsp;<\/p>\n<p>&nbsp;<\/p>\n<p>W dzisiejsz\u0105 niedziel\u0119 \u00a016 pa\u017adziernika przypada Dzie\u0144 papieski . Po ka\u017cdej mszy \u015bw. lektorzy \u00a0przed ko\u015bcio\u0142em zbieraj\u0105 \u00a0ofiary na fundusz stypendialny\u00a0 dla m\u0142odzie\u017cy pochodz\u0105cej \u00a0z rodzin potrzebuj\u0105cych , kt\u00f3ra osi\u0105ga dobre wyniki w nauce .<\/p>\n<p>&nbsp;<\/p>\n<p>Na stoliku przed obrazem Pana Jezusa Mi\u0142osiernego s\u0105\u00a0 karteczki na wypominki kt\u00f3re mo\u017cna zabra\u0107 do domu i wypisa\u0107 swoich bliskich zmar\u0142ych. Bardzo prosz\u0119 zaznaczy\u0107 na kartce kt\u00f3re wypominki s\u0105 roczne.<\/p>\n<p>Mo\u017cna dawa\u0107 wypominki do koszyka na stoliku tam gdzie s\u0105 karteczki.<\/p>\n<p>&nbsp;<\/p>\n<p>Spotkania w tym tygodniu : w poniedzia\u0142ek o godz. 16 z kandydatami na ministrant\u00f3w i w \u015brod\u0119 \u00a0\u00a0\u00a0\u00a0\u00a0\u00a0\u00a0\u00a0o godz. 16 z dzie\u0107mi z klasy III.<\/p>\n<p>Bardzo serdecznie dzi\u0119kuj\u0119 za sprz\u0105tanie ko\u015bcio\u0142a w tym tygodniu. Nast\u0119pne sprz\u0105tanie b\u0119dzie\u00a0 \u00a0 \u00a0 \u00a0 \u00a0 w sobot\u0119 o godz. 9:00. Sprz\u0105taj\u0105 Panie: Renata G\u00f3ra Zofia J\u0119drzejas Agata Janiczek i Krystyna Jurasz<\/p>\n<p>Nie kupujemy kwiat\u00f3w.<\/p>\n<p>Zach\u0119cam do nabywania prasy katolickiej.<\/p>\n<p>&nbsp;<\/p>\n<p>&nbsp;<\/p>\n<p>Kalendarz liturgiczny<\/p>\n<p>Poniedzia\u0142ek \u2013 wsp. \u015bw. Ignacego Antioche\u0144skiego biskupa i m\u0119czennika<\/p>\n<p>Wtorek \u2013 \u015bwi\u0119to \u015bw. \u0141ukasza Ewangelisty<\/p>\n<p>Czwartek \u2013 wsp. \u015bw. Jana Kantego kap\u0142ana patrona Diecezji<\/p>\n<p>Sobota \u2013 wsp. \u015bw. Jana Paw\u0142a II papie\u017ca<\/p>\n<p>&nbsp;<\/p>\n<p>W ostatnim tygodniu odesz\u0142a do wieczno\u015bci \u015bp. Jadwiga Cudzich\u00a0\u00a0 wieczny odpoczynek racz jej da\u0107 Panie\u2026\u2026<\/p>\n<p>&nbsp;<\/p>\n<p>&nbsp;<\/p>\n<p>&nbsp;<\/p>\n<p>&nbsp;<\/p>\n<p>&nbsp;<\/p>\n","protected":false},"excerpt":{"rendered":"<p>Krzy\u017cowa 16.X. 2022 r. &nbsp; &nbsp; &nbsp; XXIX\u00a0 NIEDZIELA\u00a0 ZWYK\u0141A &nbsp; Zapraszam jeszcze dzi\u015b na nabo\u017ce\u0144stwo r\u00f3\u017ca\u0144cowe o godz. 17:30.\u00a0 Przypominam \u017ce w pa\u017adzierniku msze \u015bw. w dni powszednie s\u0105 odprawiane o godz. 17 , a po mszy \u015bw. R\u00f3\u017caniec. \u00a0Bardzo serdecznie zapraszam wszystkich parafian na wsp\u00f3ln\u0105 modlitw\u0119.\u00a0 \u00a0Parafianie\u00a0 z Krzy\u017c\u00f3wek odmawiaj\u0105 R\u00f3\u017caniec przy kaplicy [&hellip;]<\/p>\n","protected":false},"author":0,"featured_media":0,"comment_status":"closed","ping_status":"closed","sticky":false,"template":"","format":"standard","meta":{"ngg_post_thumbnail":0,"footnotes":""},"categories":[3],"tags":[],"class_list":["post-3086","post","type-post","status-publish","format-standard","hentry","category-ogloszenia"],"aioseo_notices":[],"_links":{"self":[{"href":"https:\/\/parafiakrzyzowa.pl\/index.php?rest_route=\/wp\/v2\/posts\/3086","targetHints":{"allow":["GET"]}}],"collection":[{"href":"https:\/\/parafiakrzyzowa.pl\/index.php?rest_route=\/wp\/v2\/posts"}],"about":[{"href":"https:\/\/parafiakrzyzowa.pl\/index.php?rest_route=\/wp\/v2\/types\/post"}],"replies":[{"embeddable":true,"href":"https:\/\/parafiakrzyzowa.pl\/index.php?rest_route=%2Fwp%2Fv2%2Fcomments&post=3086"}],"version-history":[{"count":1,"href":"https:\/\/parafiakrzyzowa.pl\/index.php?rest_route=\/wp\/v2\/posts\/3086\/revisions"}],"predecessor-version":[{"id":3087,"href":"https:\/\/parafiakrzyzowa.pl\/index.php?rest_route=\/wp\/v2\/posts\/3086\/revisions\/3087"}],"wp:attachment":[{"href":"https:\/\/parafiakrzyzowa.pl\/index.php?rest_route=%2Fwp%2Fv2%2Fmedia&parent=3086"}],"wp:term":[{"taxonomy":"category","embeddable":true,"href":"https:\/\/parafiakrzyzowa.pl\/index.php?rest_route=%2Fwp%2Fv2%2Fcategories&post=3086"},{"taxonomy":"post_tag","embeddable":true,"href":"https:\/\/parafiakrzyzowa.pl\/index.php?rest_route=%2Fwp%2Fv2%2Ftags&post=3086"}],"curies":[{"name":"wp","href":"https:\/\/api.w.org\/{rel}","templated":true}]}}