{"id":3100,"date":"2022-11-05T14:54:05","date_gmt":"2022-11-05T14:54:05","guid":{"rendered":"https:\/\/parafiakrzyzowa.pl\/?p=3100"},"modified":"2022-11-05T14:54:12","modified_gmt":"2022-11-05T14:54:12","slug":"3100","status":"publish","type":"post","link":"https:\/\/parafiakrzyzowa.pl\/?p=3100","title":{"rendered":""},"content":{"rendered":"<p>Krzy\u017cowa 6.XI. 2022 r.<\/p>\n<p>&nbsp;<\/p>\n<p>&nbsp;<\/p>\n<p>&nbsp;<\/p>\n<p><strong><u>XXXII\u00a0 NIEDZIELA\u00a0 ZWYK\u0141A<\/u><\/strong><\/p>\n<p>&nbsp;<\/p>\n<p>Dzi\u015b przypada I niedziela miesi\u0105ca. Po ka\u017cdej mszy \u015bw. adoracja Pana Jezusa w Naj\u015bwi\u0119tszego Sakramentu i zmianka tajemnic\u00a0 r\u00f3\u017ca\u0144cowych.<\/p>\n<p>&nbsp;<\/p>\n<p>Od tego tygodnia msze \u015bw. we wtorki i czwartki b\u0119d\u0105 odprawiane o godz. 7:00 rano.<\/p>\n<p>&nbsp;<\/p>\n<p>Zapraszam bardzo serdecznie na codzienn\u0105 msz\u0119 \u015bw. do naszego ko\u015bcio\u0142a. W \u015brod\u0119 przed wieczorn\u0105 msz\u0105 \u015bw. r\u00f3\u017caniec w intencji wszystkich zmar\u0142ych z naszych rodzin.<\/p>\n<p>&nbsp;<\/p>\n<p>Za tydzie\u0144 w niedziel\u0119 na mszy \u015bw. o godz.. 10 b\u0119dzie przyj\u0119cie kandydat\u00f3w do grona S\u0142u\u017cby Liturgicznej O\u0142tarza. Bardzo serdecznie zapraszam szczeg\u00f3lnie rodzic\u00f3w naszych kandydat\u00f3w\u00a0 \u00a0 \u00a0 \u00a0 \u00a0 \u00a0 i kandydatek\u00a0 na ministrant\u00f3w.<\/p>\n<p>&nbsp;<\/p>\n<p>&nbsp;<\/p>\n<p>&nbsp;<\/p>\n<p>Bardzo serdecznie prosz\u0119 zg\u0142asza\u0107 wszelkie b\u0142\u0119dy i pomini\u0119cia w wypominkach.<\/p>\n<p>&nbsp;<\/p>\n<p>Zach\u0119cam do nabywania prasy katolickiej.<\/p>\n<p>&nbsp;<\/p>\n<p>Dzi\u0119kuj\u0119 Paniom za sprz\u0105tanie ko\u015bcio\u0142a w tym tygodniu. Nast\u0119pne sprz\u0105tanie b\u0119dzie w sobot\u0119\u00a0 \u00a0 \u00a0 \u00a0 \u00a0 o godz. 9:00. Sprz\u0105taj\u0105 Panie: Janina Matejczyk Matejczyk Anna Joanna Sucho\u0144 i Matejczyk Barbara. Nie kupujemy kwiat\u00f3w.<\/p>\n<p>&nbsp;<\/p>\n<p>&nbsp;<\/p>\n<p>Kalendarz liturgiczny<\/p>\n<p>&nbsp;<\/p>\n<p>\u015aroda \u2013 \u015bwi\u0119to rocznicy Po\u015bwi\u0119cenia bazyliki na Lateranie<\/p>\n<p>Czwartek \u2013 wsp. \u015bw. Leona\u00a0 Wielkiego papie\u017ca i doktora Ko\u015bcio\u0142a<\/p>\n<p>Pi\u0105tek \u2013 wsp. \u015bw. Marcina z Tours\u00a0 biskupa<\/p>\n<p>Sobota \u2013 wsp. \u015bw. Jozafata biskupa<\/p>\n<p>&nbsp;<\/p>\n<p>W pi\u0105tek przypada \u015bwi\u0119to Niepodleg\u0142o\u015bci naszej Ojczyzny. Zapraszam serdecznie na modlitw\u0119 za Polk\u0119 o godz. 17.<\/p>\n<p>&nbsp;<\/p>\n<p>W ostatnim tygodniu odszed\u0142 z naszej wsp\u00f3lnoty do Pana po wieczn\u0105 nagrod\u0119 \u015bp. Czes\u0142aw Cudzich. Wieczny odpoczynek racz mu da\u0107 Panie \u2026\u2026..<\/p>\n<p>&nbsp;<\/p>\n<p>&nbsp;<\/p>\n<p>&nbsp;<\/p>\n<p>&nbsp;<\/p>\n<p>&nbsp;<\/p>\n","protected":false},"excerpt":{"rendered":"<p>Krzy\u017cowa 6.XI. 2022 r. &nbsp; &nbsp; &nbsp; XXXII\u00a0 NIEDZIELA\u00a0 ZWYK\u0141A &nbsp; Dzi\u015b przypada I niedziela miesi\u0105ca. Po ka\u017cdej mszy \u015bw. adoracja Pana Jezusa w Naj\u015bwi\u0119tszego Sakramentu i zmianka tajemnic\u00a0 r\u00f3\u017ca\u0144cowych. &nbsp; Od tego tygodnia msze \u015bw. we wtorki i czwartki b\u0119d\u0105 odprawiane o godz. 7:00 rano. &nbsp; Zapraszam bardzo serdecznie na codzienn\u0105 msz\u0119 \u015bw. do [&hellip;]<\/p>\n","protected":false},"author":0,"featured_media":0,"comment_status":"closed","ping_status":"closed","sticky":false,"template":"","format":"standard","meta":{"ngg_post_thumbnail":0,"footnotes":""},"categories":[3],"tags":[],"class_list":["post-3100","post","type-post","status-publish","format-standard","hentry","category-ogloszenia"],"aioseo_notices":[],"_links":{"self":[{"href":"https:\/\/parafiakrzyzowa.pl\/index.php?rest_route=\/wp\/v2\/posts\/3100","targetHints":{"allow":["GET"]}}],"collection":[{"href":"https:\/\/parafiakrzyzowa.pl\/index.php?rest_route=\/wp\/v2\/posts"}],"about":[{"href":"https:\/\/parafiakrzyzowa.pl\/index.php?rest_route=\/wp\/v2\/types\/post"}],"replies":[{"embeddable":true,"href":"https:\/\/parafiakrzyzowa.pl\/index.php?rest_route=%2Fwp%2Fv2%2Fcomments&post=3100"}],"version-history":[{"count":1,"href":"https:\/\/parafiakrzyzowa.pl\/index.php?rest_route=\/wp\/v2\/posts\/3100\/revisions"}],"predecessor-version":[{"id":3101,"href":"https:\/\/parafiakrzyzowa.pl\/index.php?rest_route=\/wp\/v2\/posts\/3100\/revisions\/3101"}],"wp:attachment":[{"href":"https:\/\/parafiakrzyzowa.pl\/index.php?rest_route=%2Fwp%2Fv2%2Fmedia&parent=3100"}],"wp:term":[{"taxonomy":"category","embeddable":true,"href":"https:\/\/parafiakrzyzowa.pl\/index.php?rest_route=%2Fwp%2Fv2%2Fcategories&post=3100"},{"taxonomy":"post_tag","embeddable":true,"href":"https:\/\/parafiakrzyzowa.pl\/index.php?rest_route=%2Fwp%2Fv2%2Ftags&post=3100"}],"curies":[{"name":"wp","href":"https:\/\/api.w.org\/{rel}","templated":true}]}}