{"id":3113,"date":"2022-11-19T12:06:15","date_gmt":"2022-11-19T12:06:15","guid":{"rendered":"https:\/\/parafiakrzyzowa.pl\/?p=3113"},"modified":"2022-11-19T12:06:21","modified_gmt":"2022-11-19T12:06:21","slug":"3113","status":"publish","type":"post","link":"https:\/\/parafiakrzyzowa.pl\/?p=3113","title":{"rendered":""},"content":{"rendered":"<p><strong>\u00a0<\/strong><\/p>\n<p><strong>\u00a0\u00a0\u00a0\u00a0\u00a0\u00a0\u00a0\u00a0\u00a0\u00a0\u00a0\u00a0\u00a0\u00a0\u00a0\u00a0\u00a0\u00a0\u00a0\u00a0\u00a0\u00a0\u00a0\u00a0\u00a0\u00a0\u00a0\u00a0\u00a0\u00a0 \u00a0\u00a0<\/strong><strong><u>INTENCJE MSZY \u015aWI\u0118TYCH<\/u><\/strong><\/p>\n<h2><u>NIEDZIELA 20 .XI. 2022r.<\/u><\/h2>\n<p>&nbsp;<\/p>\n<p>Godz..8:00\u00a0\u00a0\u00a0\u00a0 &#8211;\u00a0 \u00a0\u00a0+ Tadeusz P\u0142aza<\/p>\n<p>&nbsp;<\/p>\n<p>Godz. 10:00\u00a0 &#8211;\u00a0 \u00a0\u00a0\u00a0\u00a0\u00a0\u00a0O zdrowie i b\u0142. Bo\u017ce dla Leny Anny G\u0105siorek w dniu chrztu \u015bw.<\/p>\n<p>O zdrowie i b\u0142. Bo\u017ce dla \u0141ucji Anny Juraszek w dniu chrztu \u015bw.<\/p>\n<p>&nbsp;<\/p>\n<p>Godz. 18\u00a0 \u00a0\u00a0\u00a0\u00a0\u00a0\u00a0&#8211; \u00a0++ Weronika Gawlas m\u0105\u017c Jan\u00a0 syn J\u00f3zef<\/p>\n<h3><u>PONIEDZIA\u0141EK 21. XI. 2 2022r.<\/u><\/h3>\n<p>&nbsp;<\/p>\n<p>Godz. 17\u00a0\u00a0\u00a0\u00a0\u00a0\u00a0\u00a0\u00a0 &#8211; \u00a0\u00a0\u00a0\u00a0+ \u00a0Anna Bu\u0142ka<\/p>\n<h3><u>WTOREK 22 .XI 2022r<\/u><u>. <\/u><\/h3>\n<p>&nbsp;<\/p>\n<p>Godz. 7:00\u00a0 \u00a0\u00a0\u00a0\u00a0&#8211; \u00a0\u00a0\u00a0\u00a0\u00a0\u00a0W intencji Parafian<\/p>\n<h3><u>\u015aRODA 23 .XI. 2022r.<\/u><\/h3>\n<p>&nbsp;<\/p>\n<p>Godz. 17\u00a0\u00a0\u00a0\u00a0\u00a0 &#8211;\u00a0\u00a0\u00a0\u00a0\u00a0\u00a0\u00a0 + Bronis\u0142aw Slowik<\/p>\n<h3><u>CZWARTEK 24 .XI. 2002r.<\/u><\/h3>\n<p>&nbsp;<\/p>\n<p>Godz.\u00a0 7:00\u00a0\u00a0 &#8211;\u00a0\u00a0\u00a0\u00a0 \u00a0\u00a0\u00a0\u00a0+ Aniela Klimczak<\/p>\n<h3><u>PI\u0104TEK \u00a025. XI. 2022r .<\/u><\/h3>\n<p>&nbsp;<\/p>\n<p>Godz. 17\u00a0\u00a0\u00a0 \u00a0\u00a0\u00a0&#8211;\u00a0 \u00a0\u00a0\u00a0\u00a0\u00a0\u00a0\u00a0+ Jan S\u0142owiaczek<\/p>\n<h3><u>SOBOTA \u00a026 . XI. 2022r.<\/u><\/h3>\n<p>&nbsp;<\/p>\n<p>Godz. 17\u00a0\u00a0\u00a0 \u00a0\u00a0\u00a0&#8211; \u00a0\u00a0\u00a0\u00a0\u00a0\u00a0\u00a0\u00a0\u00a0+ J\u00f3zef Michalec<\/p>\n<p><strong><u>NIEDZIELA \u00a027 .XI. 2022r<\/u><\/strong><strong><u>.<\/u><\/strong><\/p>\n<p>&nbsp;<\/p>\n<p>Godz. 8:00 \u00a0\u00a0\u00a0\u00a0&#8211;\u00a0 \u00a0\u00a0\u00a0\u00a0\u00a0\u00a0\u00a0\u00a0\u00a0\u00a0W intencji Parafian<\/p>\n<p>&nbsp;<\/p>\n<p>Godz. 10:00 \u00a0&#8211;\u00a0 \u00a0\u00a0\u00a0\u00a0\u00a0++ W\u0142adys\u0142aw Kami\u0144ski w 2r. \u015bmierci ojciec J\u00f3zef w 19r. \u015bmierci<\/p>\n<p>&nbsp;<\/p>\n<p>Godz. 18\u00a0 \u00a0\u00a0\u00a0\u00a0\u00a0\u00a0&#8211;\u00a0\u00a0\u00a0 \u00a0\u00a0\u00a0\u00a0++ Tadeusz Walig\u00f3ra i rodzice<\/p>\n","protected":false},"excerpt":{"rendered":"<p>\u00a0 \u00a0\u00a0\u00a0\u00a0\u00a0\u00a0\u00a0\u00a0\u00a0\u00a0\u00a0\u00a0\u00a0\u00a0\u00a0\u00a0\u00a0\u00a0\u00a0\u00a0\u00a0\u00a0\u00a0\u00a0\u00a0\u00a0\u00a0\u00a0\u00a0\u00a0 \u00a0\u00a0INTENCJE MSZY \u015aWI\u0118TYCH NIEDZIELA 20 .XI. 2022r. &nbsp; Godz..8:00\u00a0\u00a0\u00a0\u00a0 &#8211;\u00a0 \u00a0\u00a0+ Tadeusz P\u0142aza &nbsp; Godz. 10:00\u00a0 &#8211;\u00a0 \u00a0\u00a0\u00a0\u00a0\u00a0\u00a0O zdrowie i b\u0142. Bo\u017ce dla Leny Anny G\u0105siorek w dniu chrztu \u015bw. O zdrowie i b\u0142. Bo\u017ce dla \u0141ucji Anny Juraszek w dniu chrztu \u015bw. &nbsp; Godz. 18\u00a0 \u00a0\u00a0\u00a0\u00a0\u00a0\u00a0&#8211; \u00a0++ Weronika Gawlas m\u0105\u017c Jan\u00a0 syn [&hellip;]<\/p>\n","protected":false},"author":0,"featured_media":0,"comment_status":"closed","ping_status":"closed","sticky":false,"template":"","format":"standard","meta":{"ngg_post_thumbnail":0,"footnotes":""},"categories":[7],"tags":[],"class_list":["post-3113","post","type-post","status-publish","format-standard","hentry","category-intencje"],"aioseo_notices":[],"_links":{"self":[{"href":"https:\/\/parafiakrzyzowa.pl\/index.php?rest_route=\/wp\/v2\/posts\/3113","targetHints":{"allow":["GET"]}}],"collection":[{"href":"https:\/\/parafiakrzyzowa.pl\/index.php?rest_route=\/wp\/v2\/posts"}],"about":[{"href":"https:\/\/parafiakrzyzowa.pl\/index.php?rest_route=\/wp\/v2\/types\/post"}],"replies":[{"embeddable":true,"href":"https:\/\/parafiakrzyzowa.pl\/index.php?rest_route=%2Fwp%2Fv2%2Fcomments&post=3113"}],"version-history":[{"count":1,"href":"https:\/\/parafiakrzyzowa.pl\/index.php?rest_route=\/wp\/v2\/posts\/3113\/revisions"}],"predecessor-version":[{"id":3114,"href":"https:\/\/parafiakrzyzowa.pl\/index.php?rest_route=\/wp\/v2\/posts\/3113\/revisions\/3114"}],"wp:attachment":[{"href":"https:\/\/parafiakrzyzowa.pl\/index.php?rest_route=%2Fwp%2Fv2%2Fmedia&parent=3113"}],"wp:term":[{"taxonomy":"category","embeddable":true,"href":"https:\/\/parafiakrzyzowa.pl\/index.php?rest_route=%2Fwp%2Fv2%2Fcategories&post=3113"},{"taxonomy":"post_tag","embeddable":true,"href":"https:\/\/parafiakrzyzowa.pl\/index.php?rest_route=%2Fwp%2Fv2%2Ftags&post=3113"}],"curies":[{"name":"wp","href":"https:\/\/api.w.org\/{rel}","templated":true}]}}