{"id":3129,"date":"2022-12-03T12:05:15","date_gmt":"2022-12-03T12:05:15","guid":{"rendered":"https:\/\/parafiakrzyzowa.pl\/?p=3129"},"modified":"2022-12-03T12:05:37","modified_gmt":"2022-12-03T12:05:37","slug":"3129","status":"publish","type":"post","link":"https:\/\/parafiakrzyzowa.pl\/?p=3129","title":{"rendered":""},"content":{"rendered":"<p>Krzy\u017cowa 4.XII. 2022 r.<\/p>\n<p>&nbsp;<\/p>\n<p>&nbsp;<\/p>\n<p>&nbsp;<\/p>\n<p><strong><u>\u00a0II\u00a0 NIEDZIELA ADWENTU<\/u><\/strong><\/p>\n<p>&nbsp;<\/p>\n<p>Dzi\u015b przypada I niedziela miesi\u0105ca . Po ka\u017cdej mszy \u015bw. adoracja Pana Jezusa w Naj\u015bwi\u0119tszym Sakramencie i zmianka tajemnic r\u00f3\u017ca\u0144cowych.<\/p>\n<p>&nbsp;<\/p>\n<p>Dzisiejsza niedziela to dzie\u0144 naszej modlitwy i pomocy materialnej dla Ko\u015bcio\u0142a katolickiego na Wschodzie szczeg\u00f3lnie dla Ko\u015bcio\u0142a na Ukrainie. Lektorzy po ka\u017cdej mszy \u015bw. przed ko\u015bcio\u0142em zbieraj\u0105 ofiary na ten cel.<\/p>\n<p>&nbsp;<\/p>\n<p>Zapraszam na codzienne roraty. Jestem bardzo szcz\u0119\u015bliwy, \u017ce tak licznie uczestniczycie\u00a0\u00a0\u00a0\u00a0\u00a0\u00a0\u00a0\u00a0\u00a0\u00a0\u00a0\u00a0\u00a0\u00a0\u00a0\u00a0\u00a0\u00a0\u00a0\u00a0\u00a0\u00a0\u00a0\u00a0 w codziennych roratach. Bardzo serdecznie prosz\u0119 nie tra\u0107cie gorliwo\u015bci . Ta pro\u015bba jest skierowana r\u00f3wnie\u017c do dzieci i m\u0142odzie\u017cy.<\/p>\n<p>&nbsp;<\/p>\n<p>W czwartek przypada uroczysto\u015b\u0107 Niepokalanego Pocz\u0119cia Naj\u015bwi\u0119tszej Maryi Panny. Msze \u015bw.\u00a0 \u00a0 \u00a0 \u00a0o godz. 8:00 i 17 wieczorem. Na mszy \u015bw. o godz. 8:00 b\u0119dzie po\u015bwi\u0119cenie ikony Matki Bo\u017cej Nieustaj\u0105cej Pomocy i zainstalowanie jej przy bocznym o\u0142tarzu \u015bw. Antoniego. Uroczysto\u015b\u0107 Niepokalanego Pocz\u0119cia NMPanny to najwi\u0119ksze \u015bwi\u0119to maryjne w Ko\u015bciele. Mimo, \u017ce dzie\u0144 jest normalnej pracy to jednak bardzo serdecznie prosz\u0119 o uczestnictwo w mszy \u015bwi\u0119tej.<\/p>\n<p>&nbsp;<\/p>\n<p>Ju\u017c dzi\u015b zapowiadam, \u017ce spowied\u017a \u015bwi\u0105teczna ca\u0142odzienna prze \u015bwi\u0119tami Bo\u017cego Narodzenia \u00a0b\u0119dzie\u00a0 w naszej parafii\u00a0 20 grudnia .<\/p>\n<p>&nbsp;<\/p>\n<p>Zach\u0119cam do nabywania prasy katolickiej i \u015bwiec Caritas w ramach Wigilijnego Dzie\u0142a Pomocy dzieciom. \u015awiec\u00a0 wystarczy dla ka\u017cdej rodziny bo kupi\u0142em dla naszej parafii 300 \u015bwiec.<\/p>\n<p>&nbsp;<\/p>\n<p>Dzi\u0119kuj\u0119 za sprz\u0105tanie ko\u015bcio\u0142a w tym tygodniu. Nast\u0119pne sprz\u0105tanie b\u0119dzie w sobot\u0119 o godz. 9:00. Sprz\u0105taj\u0105 Panie: Justyna Kami\u0144ska Anna Pacuszka Galas Krystyna i Michalec Beata.<\/p>\n<p>&nbsp;<\/p>\n<p>&nbsp;<\/p>\n<p>Kalendarz liturgiczny<\/p>\n<p>&nbsp;<\/p>\n<p>\u015aroda \u2013 wsp. \u015bw. Ambro\u017cego biskupa i Doktora Ko\u015bcio\u0142a<\/p>\n<p>Czwartek- uroczysto\u015b\u0107 Niepokalanego Pocz\u0119cia NMPanny<\/p>\n<p>&nbsp;<\/p>\n<p>&nbsp;<\/p>\n<p>&nbsp;<\/p>\n<p>W ostatnim tygodniu odesz\u0142a do Pana z naszej rodziny parafialnej po wieczn\u0105 nagrod\u0119 \u015bp. Helena Matejczyk.\u00a0 Wieczny odpoczynek racz im da\u0107 Panie\u2026.<\/p>\n<p>&nbsp;<\/p>\n<p>&nbsp;<\/p>\n<p>&nbsp;<\/p>\n<p>&nbsp;<\/p>\n","protected":false},"excerpt":{"rendered":"<p>Krzy\u017cowa 4.XII. 2022 r. &nbsp; &nbsp; &nbsp; \u00a0II\u00a0 NIEDZIELA ADWENTU &nbsp; Dzi\u015b przypada I niedziela miesi\u0105ca . Po ka\u017cdej mszy \u015bw. adoracja Pana Jezusa w Naj\u015bwi\u0119tszym Sakramencie i zmianka tajemnic r\u00f3\u017ca\u0144cowych. &nbsp; Dzisiejsza niedziela to dzie\u0144 naszej modlitwy i pomocy materialnej dla Ko\u015bcio\u0142a katolickiego na Wschodzie szczeg\u00f3lnie dla Ko\u015bcio\u0142a na Ukrainie. Lektorzy po ka\u017cdej mszy [&hellip;]<\/p>\n","protected":false},"author":0,"featured_media":0,"comment_status":"closed","ping_status":"closed","sticky":false,"template":"","format":"standard","meta":{"ngg_post_thumbnail":0,"footnotes":""},"categories":[3],"tags":[],"class_list":["post-3129","post","type-post","status-publish","format-standard","hentry","category-ogloszenia"],"aioseo_notices":[],"_links":{"self":[{"href":"https:\/\/parafiakrzyzowa.pl\/index.php?rest_route=\/wp\/v2\/posts\/3129","targetHints":{"allow":["GET"]}}],"collection":[{"href":"https:\/\/parafiakrzyzowa.pl\/index.php?rest_route=\/wp\/v2\/posts"}],"about":[{"href":"https:\/\/parafiakrzyzowa.pl\/index.php?rest_route=\/wp\/v2\/types\/post"}],"replies":[{"embeddable":true,"href":"https:\/\/parafiakrzyzowa.pl\/index.php?rest_route=%2Fwp%2Fv2%2Fcomments&post=3129"}],"version-history":[{"count":1,"href":"https:\/\/parafiakrzyzowa.pl\/index.php?rest_route=\/wp\/v2\/posts\/3129\/revisions"}],"predecessor-version":[{"id":3130,"href":"https:\/\/parafiakrzyzowa.pl\/index.php?rest_route=\/wp\/v2\/posts\/3129\/revisions\/3130"}],"wp:attachment":[{"href":"https:\/\/parafiakrzyzowa.pl\/index.php?rest_route=%2Fwp%2Fv2%2Fmedia&parent=3129"}],"wp:term":[{"taxonomy":"category","embeddable":true,"href":"https:\/\/parafiakrzyzowa.pl\/index.php?rest_route=%2Fwp%2Fv2%2Fcategories&post=3129"},{"taxonomy":"post_tag","embeddable":true,"href":"https:\/\/parafiakrzyzowa.pl\/index.php?rest_route=%2Fwp%2Fv2%2Ftags&post=3129"}],"curies":[{"name":"wp","href":"https:\/\/api.w.org\/{rel}","templated":true}]}}