{"id":3131,"date":"2022-12-10T09:18:18","date_gmt":"2022-12-10T09:18:18","guid":{"rendered":"https:\/\/parafiakrzyzowa.pl\/?p=3131"},"modified":"2022-12-10T09:18:25","modified_gmt":"2022-12-10T09:18:25","slug":"3131","status":"publish","type":"post","link":"https:\/\/parafiakrzyzowa.pl\/?p=3131","title":{"rendered":""},"content":{"rendered":"<p><strong>\u00a0\u00a0\u00a0\u00a0\u00a0\u00a0\u00a0\u00a0\u00a0\u00a0\u00a0\u00a0\u00a0\u00a0\u00a0\u00a0\u00a0\u00a0\u00a0\u00a0\u00a0\u00a0\u00a0\u00a0\u00a0\u00a0\u00a0\u00a0\u00a0\u00a0 \u00a0\u00a0<\/strong><strong><u>INTENCJE MSZY \u015aWI\u0118TYCH<\/u><\/strong><\/p>\n<h2><u>NIEDZIELA 11 .XII. 2022r.<\/u><\/h2>\n<p>&nbsp;<\/p>\n<p>Godz..8:00\u00a0\u00a0\u00a0\u00a0 &#8211;\u00a0 \u00a0++ Eugeniusz Mutz \u017cona Renata i syn Jacek<\/p>\n<p>&nbsp;<\/p>\n<p>Godz. 10:00\u00a0 &#8211;\u00a0 \u00a0\u00a0++ J\u00f3zefa \u0141uszczek m\u0105\u017c Mieczys\u0142aw<\/p>\n<p>&nbsp;<\/p>\n<p>Godz. 18\u00a0 \u00a0\u00a0\u00a0\u00a0\u00a0\u00a0&#8211; \u00a0\u00a0\u00a0\u00a0\u00a0\u00a0+ Jerzy Lipczy\u0144ski w 1r. \u015bmierci<\/p>\n<h3><u>PONIEDZIA\u0141EK 12. XII. 2 2022r.<\/u><\/h3>\n<p>&nbsp;<\/p>\n<p>Godz. 17\u00a0\u00a0\u00a0\u00a0\u00a0\u00a0\u00a0\u00a0 &#8211; \u00a0\u00a0\u00a0\u00a0\u00a0+ Robert Spyrka<\/p>\n<h3><u>WTOREK 13 .XII 2022r<\/u><u>. <\/u><\/h3>\n<p>&nbsp;<\/p>\n<p>Godz. 17\u00a0\u00a0 \u00a0\u00a0\u00a0\u00a0\u00a0\u00a0&#8211; \u00a0\u00a0\u00a0\u00a0\u00a0\u00a0W intencji Parafian<\/p>\n<h3><u>\u015aRODA\u00a0\u00a0 14 .XII. 2022r.<\/u><\/h3>\n<p>&nbsp;<\/p>\n<p>Godz. 17\u00a0\u00a0\u00a0\u00a0\u00a0 &#8211;\u00a0\u00a0\u00a0\u00a0\u00a0\u00a0\u00a0\u00a0\u00a0 + W\u0142adys\u0142aw G\u00f3ra w 1r. \u015bmierci<\/p>\n<h3><u>CZWARTEK 15 .XII. 2002r.<\/u><\/h3>\n<p>&nbsp;<\/p>\n<p>Godz.\u00a0 17\u00a0 \u00a0\u00a0\u00a0&#8211;\u00a0\u00a0\u00a0\u00a0 \u00a0\u00a0\u00a0\u00a0\u00a0\u00a0+ Stanis\u0142aw Hulb\u00f3j<\/p>\n<h3><u>PI\u0104TEK \u00a016. XII. 2022r .<\/u><\/h3>\n<p>&nbsp;<\/p>\n<p>Godz. 17\u00a0\u00a0\u00a0 \u00a0\u00a0\u00a0&#8211;\u00a0 \u00a0\u00a0\u00a0\u00a0\u00a0\u00a0\u00a0\u00a0\u00a0\u00a0\u00a0\u00a0\u00a0Do Bo\u017cego Mi\u0142osierdzia<\/p>\n<h3><u>SOBOTA \u00a017 . XII. 2022r.<\/u><\/h3>\n<p>&nbsp;<\/p>\n<p>Godz. 17\u00a0\u00a0\u00a0 \u00a0\u00a0\u00a0&#8211; \u00a0\u00a0\u00a0\u00a0\u00a0\u00a0\u00a0\u00a0\u00a0\u00a0+ J\u00f3zef \u0141oboz w 25r. \u015bmierci<\/p>\n<p><strong><u>NIEDZIELA \u00a018 .XII. 2022r<\/u><\/strong><strong><u>.<\/u><\/strong><\/p>\n<p>&nbsp;<\/p>\n<p>Godz. 8:00 \u00a0\u00a0\u00a0\u00a0&#8211;\u00a0 \u00a0\u00a0\u00a0\u00a0\u00a0\u00a0\u00a0\u00a0+ Tatiana W\u0119gli\u0144ska &#8211; Caputa<\/p>\n<p>&nbsp;<\/p>\n<p>Godz. 10:00 \u00a0&#8211;\u00a0 \u00a0\u00a0\u00a0\u00a0\u00a0\u00a0\u00a0\u00a0\u00a0+ Weronika Cudzich\u00a0 w 10r. \u015bmierci<\/p>\n<p>&nbsp;<\/p>\n<p>Godz. 18\u00a0 \u00a0\u00a0\u00a0\u00a0\u00a0\u00a0&#8211;\u00a0\u00a0\u00a0 \u00a0\u00a0\u00a0\u00a0\u00a0\u00a0\u00a0\u00a0\u00a0\u00a0\u00a0O zdrowie i b\u0142. Bo\u017ce dla Marii J\u0119drrzejas w 70r. urodzin<\/p>\n<p>i chrze\u015bniaka o. Adama Kami\u0144skiego z okazji urodzin<\/p>\n","protected":false},"excerpt":{"rendered":"<p>\u00a0\u00a0\u00a0\u00a0\u00a0\u00a0\u00a0\u00a0\u00a0\u00a0\u00a0\u00a0\u00a0\u00a0\u00a0\u00a0\u00a0\u00a0\u00a0\u00a0\u00a0\u00a0\u00a0\u00a0\u00a0\u00a0\u00a0\u00a0\u00a0\u00a0 \u00a0\u00a0INTENCJE MSZY \u015aWI\u0118TYCH NIEDZIELA 11 .XII. 2022r. &nbsp; Godz..8:00\u00a0\u00a0\u00a0\u00a0 &#8211;\u00a0 \u00a0++ Eugeniusz Mutz \u017cona Renata i syn Jacek &nbsp; Godz. 10:00\u00a0 &#8211;\u00a0 \u00a0\u00a0++ J\u00f3zefa \u0141uszczek m\u0105\u017c Mieczys\u0142aw &nbsp; Godz. 18\u00a0 \u00a0\u00a0\u00a0\u00a0\u00a0\u00a0&#8211; \u00a0\u00a0\u00a0\u00a0\u00a0\u00a0+ Jerzy Lipczy\u0144ski w 1r. \u015bmierci PONIEDZIA\u0141EK 12. XII. 2 2022r. &nbsp; Godz. 17\u00a0\u00a0\u00a0\u00a0\u00a0\u00a0\u00a0\u00a0 &#8211; \u00a0\u00a0\u00a0\u00a0\u00a0+ Robert Spyrka WTOREK 13 .XII 2022r. &nbsp; [&hellip;]<\/p>\n","protected":false},"author":0,"featured_media":0,"comment_status":"closed","ping_status":"closed","sticky":false,"template":"","format":"standard","meta":{"ngg_post_thumbnail":0,"footnotes":""},"categories":[7],"tags":[],"class_list":["post-3131","post","type-post","status-publish","format-standard","hentry","category-intencje"],"aioseo_notices":[],"_links":{"self":[{"href":"https:\/\/parafiakrzyzowa.pl\/index.php?rest_route=\/wp\/v2\/posts\/3131","targetHints":{"allow":["GET"]}}],"collection":[{"href":"https:\/\/parafiakrzyzowa.pl\/index.php?rest_route=\/wp\/v2\/posts"}],"about":[{"href":"https:\/\/parafiakrzyzowa.pl\/index.php?rest_route=\/wp\/v2\/types\/post"}],"replies":[{"embeddable":true,"href":"https:\/\/parafiakrzyzowa.pl\/index.php?rest_route=%2Fwp%2Fv2%2Fcomments&post=3131"}],"version-history":[{"count":1,"href":"https:\/\/parafiakrzyzowa.pl\/index.php?rest_route=\/wp\/v2\/posts\/3131\/revisions"}],"predecessor-version":[{"id":3132,"href":"https:\/\/parafiakrzyzowa.pl\/index.php?rest_route=\/wp\/v2\/posts\/3131\/revisions\/3132"}],"wp:attachment":[{"href":"https:\/\/parafiakrzyzowa.pl\/index.php?rest_route=%2Fwp%2Fv2%2Fmedia&parent=3131"}],"wp:term":[{"taxonomy":"category","embeddable":true,"href":"https:\/\/parafiakrzyzowa.pl\/index.php?rest_route=%2Fwp%2Fv2%2Fcategories&post=3131"},{"taxonomy":"post_tag","embeddable":true,"href":"https:\/\/parafiakrzyzowa.pl\/index.php?rest_route=%2Fwp%2Fv2%2Ftags&post=3131"}],"curies":[{"name":"wp","href":"https:\/\/api.w.org\/{rel}","templated":true}]}}