{"id":3134,"date":"2022-12-10T09:19:58","date_gmt":"2022-12-10T09:19:58","guid":{"rendered":"https:\/\/parafiakrzyzowa.pl\/?p=3134"},"modified":"2022-12-10T09:20:16","modified_gmt":"2022-12-10T09:20:16","slug":"3134","status":"publish","type":"post","link":"https:\/\/parafiakrzyzowa.pl\/?p=3134","title":{"rendered":""},"content":{"rendered":"<p>Krzy\u017cowa 11.XII. 2022 r.<\/p>\n<p>&nbsp;<\/p>\n<p>&nbsp;<\/p>\n<p>&nbsp;<\/p>\n<p><strong><u>\u00a0III\u00a0 NIEDZIELA ADWENTU<\/u><\/strong><\/p>\n<p>&nbsp;<\/p>\n<p>Dzisiejsza niedziela adwentowa nazywana jest niedziel\u0105 Gaudete tzn. Radujcie si\u0119. Zamiast szat\u00a0 liturgicznych w kolorze fioletowym jest kolor r\u00f3\u017cowy.<\/p>\n<p>&nbsp;<\/p>\n<p>Zapraszam bardzo serdecznie na codzienne roraty o godz. 17 wieczorem. S\u0105 tacy parafianie r\u00f3wnie\u017c Panowie kt\u00f3rzy codziennie s\u0105 na roratach . To wielka \u0142aska dla naszej parafii.<\/p>\n<p>&nbsp;<\/p>\n<p>Bardzo serdecznie zach\u0119cam do nabywania \u015bwiecy Caritas w ramach Wigilijnego Dzie\u0142a Pomocy Dzieciom. Nie my\u015blmy, \u017ce w naszej Ojczy\u017anie\u00a0 nie ma dzieci potrzebuj\u0105cych czy te\u017c rodzin \u017cyj\u0105cych ubogo. St\u0105d Takie pi\u0119kne dzie\u0142a przed \u015bwi\u0119tami Bo\u017cego narodzenia jak np. szlachetna paczka. My poprzez \u015bwiece dok\u0142adamy cegie\u0142k\u0119 dobra na rzecz dzieci potrzebuj\u0105cych.<\/p>\n<p>&nbsp;<\/p>\n<p>Zach\u0119cam do nabywania prasy katolickiej. Od dawna s\u0105 wystawione Drogi Misyjne. Prosz\u0119 zabra\u0107 do dom\u00f3w i czyta\u0107.<\/p>\n<p>B\u00f3g zap\u0142a\u0107 za sprz\u0105tanie ko\u015bcio\u0142a w tym tygodniu. Nast\u0119pne sprz\u0105tanie b\u0119dzie w sobot\u0119\u00a0\u00a0\u00a0\u00a0\u00a0\u00a0\u00a0\u00a0\u00a0\u00a0\u00a0\u00a0\u00a0\u00a0 o godz. 9 . Sprz\u0105taj\u0105 Panie: Jadwiga Walig\u00f3ra Galas Helena Omylak Danuta i Michalec Zyta<\/p>\n<p>&nbsp;<\/p>\n<p>Sk\u0142adka w najbli\u017csz\u0105 niedziel\u0119 ze wszystkich mszy \u015bw. b\u0119dzie przeznaczona na wyw\u00f3z \u015bmieci\u00a0\u00a0\u00a0\u00a0\u00a0\u00a0\u00a0\u00a0\u00a0 z cmentarza<\/p>\n<p>W pi\u0105tek odm\u00f3wimy po roratach koronk\u0119 do Bo\u017cego Mi\u0142osierdzia z racji III pi\u0105tku miesi\u0105ca.<\/p>\n<p>&nbsp;<\/p>\n<p>Kalendarz liturgiczny<\/p>\n<p>&nbsp;<\/p>\n<p>Wtorek \u2013 wsp. \u015bw.\u0141ucji dziewicy m\u0119czennicy<\/p>\n<p>\u015aroda \u2013 wsp. \u015bw. Jana od Krzy\u017ca kap\u0142ana i Doktora Ko\u015bcio\u0142a.<\/p>\n<p>&nbsp;<\/p>\n","protected":false},"excerpt":{"rendered":"<p>Krzy\u017cowa 11.XII. 2022 r. &nbsp; &nbsp; &nbsp; \u00a0III\u00a0 NIEDZIELA ADWENTU &nbsp; Dzisiejsza niedziela adwentowa nazywana jest niedziel\u0105 Gaudete tzn. Radujcie si\u0119. Zamiast szat\u00a0 liturgicznych w kolorze fioletowym jest kolor r\u00f3\u017cowy. &nbsp; Zapraszam bardzo serdecznie na codzienne roraty o godz. 17 wieczorem. S\u0105 tacy parafianie r\u00f3wnie\u017c Panowie kt\u00f3rzy codziennie s\u0105 na roratach . To wielka \u0142aska [&hellip;]<\/p>\n","protected":false},"author":0,"featured_media":0,"comment_status":"closed","ping_status":"closed","sticky":false,"template":"","format":"standard","meta":{"ngg_post_thumbnail":0,"footnotes":""},"categories":[3],"tags":[],"class_list":["post-3134","post","type-post","status-publish","format-standard","hentry","category-ogloszenia"],"aioseo_notices":[],"_links":{"self":[{"href":"https:\/\/parafiakrzyzowa.pl\/index.php?rest_route=\/wp\/v2\/posts\/3134","targetHints":{"allow":["GET"]}}],"collection":[{"href":"https:\/\/parafiakrzyzowa.pl\/index.php?rest_route=\/wp\/v2\/posts"}],"about":[{"href":"https:\/\/parafiakrzyzowa.pl\/index.php?rest_route=\/wp\/v2\/types\/post"}],"replies":[{"embeddable":true,"href":"https:\/\/parafiakrzyzowa.pl\/index.php?rest_route=%2Fwp%2Fv2%2Fcomments&post=3134"}],"version-history":[{"count":1,"href":"https:\/\/parafiakrzyzowa.pl\/index.php?rest_route=\/wp\/v2\/posts\/3134\/revisions"}],"predecessor-version":[{"id":3135,"href":"https:\/\/parafiakrzyzowa.pl\/index.php?rest_route=\/wp\/v2\/posts\/3134\/revisions\/3135"}],"wp:attachment":[{"href":"https:\/\/parafiakrzyzowa.pl\/index.php?rest_route=%2Fwp%2Fv2%2Fmedia&parent=3134"}],"wp:term":[{"taxonomy":"category","embeddable":true,"href":"https:\/\/parafiakrzyzowa.pl\/index.php?rest_route=%2Fwp%2Fv2%2Fcategories&post=3134"},{"taxonomy":"post_tag","embeddable":true,"href":"https:\/\/parafiakrzyzowa.pl\/index.php?rest_route=%2Fwp%2Fv2%2Ftags&post=3134"}],"curies":[{"name":"wp","href":"https:\/\/api.w.org\/{rel}","templated":true}]}}