{"id":3141,"date":"2022-12-17T09:53:02","date_gmt":"2022-12-17T09:53:02","guid":{"rendered":"https:\/\/parafiakrzyzowa.pl\/?p=3141"},"modified":"2022-12-17T09:53:11","modified_gmt":"2022-12-17T09:53:11","slug":"3141","status":"publish","type":"post","link":"https:\/\/parafiakrzyzowa.pl\/?p=3141","title":{"rendered":""},"content":{"rendered":"<p>Krzy\u017cowa 18.XII. 2022 r.<\/p>\n<p>&nbsp;<\/p>\n<p>&nbsp;<\/p>\n<p>&nbsp;<\/p>\n<p><strong><u>\u00a0IV\u00a0 NIEDZIELA ADWENTU<\/u><\/strong><\/p>\n<p>&nbsp;<\/p>\n<p>Rozpoczyna si\u0119 ostatni tydzie\u0144 Adwentu. Zapraszam na codzienne roraty o godz. 17.<\/p>\n<p>&nbsp;<\/p>\n<p>Jutro wizyta u chorych i senior\u00f3w od godz. 9:00. Prosz\u0119 zapisywa\u0107 swoich rodzic\u00f3w tych do kt\u00f3rych nie odwiedzam w I pi\u0105tki miesi\u0105ca.<\/p>\n<p>&nbsp;<\/p>\n<p>We wtorek spowied\u017a \u015bw. przed \u015bwi\u0119tami Bo\u017cego Narodzenia. Spowied\u017a rozpocznie si\u0119 o godz. 8:00 do godz. 9:30 i od godz. 10 do 11.<\/p>\n<p>Popo\u0142udniu spowied\u017a \u015bw. rozpocznie si\u0119 od 15 do 16 i od 16:30 do 17.\u00a0 Na drzwiach ko\u015bcio\u0142a jest wywieszony program spowiedzi. Bardzo serdecznie zapraszam do skorzystania z Sakramentu Pojednania przed \u015bwi\u0119tami Bo\u017cego Narodzenia.<\/p>\n<p>&nbsp;<\/p>\n<p>W pi\u0105tek o godz. 10 b\u0119dziemy ubiera\u0107 choinki i szopk\u0119 Bo\u017conarodzeniow\u0105. Bardzo serdecznie prosz\u0119 aby wszyscy lektorzy i ch\u0119tni ministranci byli obecni. Bardzo serdecznie r\u00f3wnie\u017c prosz\u0119 parafianki i parafian aby przyszli nam pom\u00f3c przygotowa\u0107 \u015bwi\u0105tyni\u0119 na Bo\u017ce Narodzenia.<\/p>\n<p>&nbsp;<\/p>\n<p>W sobot\u0119 roraty o godz. 7:00 rano , poniewa\u017c wieczorem jest Wigilia. Gor\u0105co prosz\u0119 , aby Wigilia by\u0142a prze\u017cywana w naszych rodzinach po chrze\u015bcija\u0144sku. Niech jeden z cz\u0142onk\u00f3w rodziny przeczyta fragment Ew. Lk 2 o Bo\u017cym Narodzeniu. Niech b\u0119dzie wsp\u00f3lna modlitwa\u00a0 i \u015bpiewanie kol\u0119d. Nie zapomnijcie o swoich rodzicach ,kt\u00f3rzy mieszkaj\u0105 w innych domach i cz\u0119sto s\u0105 samotni.<\/p>\n<p>&nbsp;<\/p>\n<p>W niedziel\u0119 przypada uroczysto\u015b\u0107 Narodzenia Pa\u0144skiego. Najpierw zapraszam na Pasterk\u0119\u00a0\u00a0\u00a0\u00a0\u00a0\u00a0\u00a0\u00a0\u00a0\u00a0\u00a0\u00a0\u00a0\u00a0\u00a0 o p\u00f3\u0142nocy . Zapraszam ca\u0142\u0105 parafi\u0119 a szczeg\u00f3lnie stra\u017cak\u00f3w z pocztem sztandarowym, m\u0142odzie\u017c naszej szko\u0142y r\u00f3wnie\u017c z pocztem\u00a0 sztandarowym. Zapraszam Ko\u0142a Gospody\u0144 Wiejskich m\u0142odzie\u017c w strojach regionalnych.<\/p>\n<p>W Bo\u017ce Narodzenie msze \u015bw. pozosta\u0142e msze \u015bw. jak w ka\u017cd\u0105 niedziel\u0119.<\/p>\n<p>&nbsp;<\/p>\n<p>W poniedzia\u0142ek drugi dzie\u0144 \u015bwi\u0105t \u015bw. Szczepana pierwszego m\u0119czennika. Msze \u015bw. r\u00f3wnie\u017c\u00a0 \u00a0 \u00a0 \u00a0 \u00a0 \u00a0 \u00a0 \u00a0 \u00a0 w porz\u0105dku niedzielnym tzn 8, 10 i 18 wieczorem.<\/p>\n<p>Zach\u0119cam do nabywania \u015bwiec Caritas w ramach Wigilijnego Dzie\u0142a Pomocy dzieciom. Jest jeszcze du\u017co \u015bwiec . S\u0105 r\u00f3wnie\u017c gazety do nabycia.<\/p>\n<p>&nbsp;<\/p>\n<p>Dzi\u0119kuj\u0119 za sprz\u0105tanie ko\u015bcio\u0142a w tym tygodniu . Nast\u0119pne sprz\u0105tanie b\u0119dzie w pi\u0105tek po wieczornych roratach o godz. 17. Sprz\u0105taj\u0105 Panie : Kornelia Lach Bernadetta Kami\u0144ska Jadwiga Kami\u0144ska i Ma\u0142gorzata J\u0119drzeja. Nie kupujemy kwiat\u00f3w poniewa\u017c zam\u00f3wi\u0142em ju\u017c gwiazdy betlejemskie.<\/p>\n<p>Na temat kol\u0119dy powiem w drugi dzie\u0144 \u015bwi\u0105t ale w ty roku rozpoczn\u0119 kol\u0119d\u0119 od Krzy\u017cowej ,\u00a0\u00a0\u00a0\u00a0\u00a0\u00a0\u00a0\u00a0\u00a0\u00a0\u00a0\u00a0\u00a0\u00a0\u00a0\u00a0\u00a0\u00a0 a nie jak by\u0142o dawniej od Krzy\u017c\u00f3wek . Kol\u0119d\u0119 rozpoczn\u0119 we wtorek po II dniu \u015bwi\u0105t Bo\u017cego Narodzenia.<\/p>\n<p>&nbsp;<\/p>\n<p>W ostatnim tygodniu odszed\u0142 do Pana z naszej rodziny parafialnej po wieczn\u0105 nagrod\u0119 \u015bp. Jan G\u00f3ra\u00a0\u00a0\u00a0\u00a0\u00a0\u00a0\u00a0\u00a0\u00a0\u00a0\u00a0\u00a0\u00a0\u00a0\u00a0\u00a0\u00a0\u00a0\u00a0\u00a0\u00a0\u00a0\u00a0\u00a0 wieczny odpoczynek racz mu da\u0107 Panie\u2026..<\/p>\n<p>&nbsp;<\/p>\n<p>&nbsp;<\/p>\n<p>&nbsp;<\/p>\n","protected":false},"excerpt":{"rendered":"<p>Krzy\u017cowa 18.XII. 2022 r. &nbsp; &nbsp; &nbsp; \u00a0IV\u00a0 NIEDZIELA ADWENTU &nbsp; Rozpoczyna si\u0119 ostatni tydzie\u0144 Adwentu. Zapraszam na codzienne roraty o godz. 17. &nbsp; Jutro wizyta u chorych i senior\u00f3w od godz. 9:00. Prosz\u0119 zapisywa\u0107 swoich rodzic\u00f3w tych do kt\u00f3rych nie odwiedzam w I pi\u0105tki miesi\u0105ca. &nbsp; We wtorek spowied\u017a \u015bw. przed \u015bwi\u0119tami Bo\u017cego Narodzenia. [&hellip;]<\/p>\n","protected":false},"author":0,"featured_media":0,"comment_status":"closed","ping_status":"closed","sticky":false,"template":"","format":"standard","meta":{"ngg_post_thumbnail":0,"footnotes":""},"categories":[3],"tags":[],"class_list":["post-3141","post","type-post","status-publish","format-standard","hentry","category-ogloszenia"],"aioseo_notices":[],"_links":{"self":[{"href":"https:\/\/parafiakrzyzowa.pl\/index.php?rest_route=\/wp\/v2\/posts\/3141","targetHints":{"allow":["GET"]}}],"collection":[{"href":"https:\/\/parafiakrzyzowa.pl\/index.php?rest_route=\/wp\/v2\/posts"}],"about":[{"href":"https:\/\/parafiakrzyzowa.pl\/index.php?rest_route=\/wp\/v2\/types\/post"}],"replies":[{"embeddable":true,"href":"https:\/\/parafiakrzyzowa.pl\/index.php?rest_route=%2Fwp%2Fv2%2Fcomments&post=3141"}],"version-history":[{"count":1,"href":"https:\/\/parafiakrzyzowa.pl\/index.php?rest_route=\/wp\/v2\/posts\/3141\/revisions"}],"predecessor-version":[{"id":3142,"href":"https:\/\/parafiakrzyzowa.pl\/index.php?rest_route=\/wp\/v2\/posts\/3141\/revisions\/3142"}],"wp:attachment":[{"href":"https:\/\/parafiakrzyzowa.pl\/index.php?rest_route=%2Fwp%2Fv2%2Fmedia&parent=3141"}],"wp:term":[{"taxonomy":"category","embeddable":true,"href":"https:\/\/parafiakrzyzowa.pl\/index.php?rest_route=%2Fwp%2Fv2%2Fcategories&post=3141"},{"taxonomy":"post_tag","embeddable":true,"href":"https:\/\/parafiakrzyzowa.pl\/index.php?rest_route=%2Fwp%2Fv2%2Ftags&post=3141"}],"curies":[{"name":"wp","href":"https:\/\/api.w.org\/{rel}","templated":true}]}}