{"id":3148,"date":"2022-12-25T20:25:09","date_gmt":"2022-12-25T20:25:09","guid":{"rendered":"https:\/\/parafiakrzyzowa.pl\/?p=3148"},"modified":"2022-12-25T20:25:19","modified_gmt":"2022-12-25T20:25:19","slug":"3148","status":"publish","type":"post","link":"https:\/\/parafiakrzyzowa.pl\/?p=3148","title":{"rendered":""},"content":{"rendered":"<p><u>INTENCJE MSZY \u015aWI\u0118TYCH<\/u><\/p>\n<p><u>\u00a0<\/u><\/p>\n<p><strong>\u00a0<\/strong><\/p>\n<h3><u>PONIEDZIA\u0141EK 26. XII. 2 2022r.-\u015aW. SZCZEPANA<\/u><\/h3>\n<p>&nbsp;<\/p>\n<p>Godz. 8:00\u00a0\u00a0\u00a0\u00a0\u00a0\u00a0\u00a0\u00a0 &#8211; \u00a0\u00a0\u00a0+ Stanis\u0142aw J\u0119drzejas w 6r. \u015bmierci<\/p>\n<p>Godz. 10:00\u00a0\u00a0\u00a0\u00a0\u00a0\u00a0 &#8211;\u00a0 ++\u00a0 Eugeniusz i Maaria Matykowie<\/p>\n<p>&#8211;\u00a0\u00a0\u00a0\u00a0\u00a0\u00a0\u00a0 O zdrowie i b\u0142. Bo\u017ce dla Karola J\u00f3zefa Majdaka\u00a0 w dniu chrztu \u015bw.<\/p>\n<p>Godz. 18\u00a0\u00a0\u00a0\u00a0\u00a0\u00a0\u00a0\u00a0\u00a0\u00a0\u00a0 &#8211;\u00a0\u00a0\u00a0\u00a0\u00a0 + Stefania Wr\u00f3bel w 9r. \u015bmierci<\/p>\n<h3><u>WTOREK 27 .XII 2022r<\/u><u>. <\/u><\/h3>\n<p>&nbsp;<\/p>\n<p>Godz. 7 :00 \u00a0&#8211; \u00a0\u00a0\u00a0\u00a0\u00a0\u00a0W intencji Parafian<\/p>\n<h3><u>\u015aRODA\u00a0\u00a0 28 .XII. 2022r.<\/u><\/h3>\n<p>&nbsp;<\/p>\n<p>Godz. 17\u00a0\u00a0\u00a0\u00a0\u00a0 &#8211;\u00a0\u00a0 + J\u00f3zef Jarosz z okazji urodzin<\/p>\n<h3><u>CZWARTEK 29 .XII. 2002r.<\/u><\/h3>\n<p>&nbsp;<\/p>\n<p>Godz.\u00a0 7:00 \u00a0&#8211;\u00a0\u00a0 + Stanis\u0142aw Nowak<\/p>\n<h3><u>PI\u0104TEK \u00a030. XII. 2022r .<\/u><\/h3>\n<p>&nbsp;<\/p>\n<p>Godz. 17\u00a0\u00a0\u00a0 \u00a0\u00a0\u00a0&#8211;\u00a0 \u00a0\u00a0+ Czes\u0142aw Z\u0105bek<\/p>\n<h3><u>SOBOTA \u00a031 . XII. 2022r.<\/u><\/h3>\n<p>&nbsp;<\/p>\n<p>Godz.\u00a0 17\u00a0 \u00a0\u00a0\u00a0\u00a0\u00a0&#8211; \u00a0\u00a0\u00a0\u00a0\u00a0\u00a0Dzi\u0119kczynna za wszystkie \u0142aski i opiek\u0119 Bo\u017c\u0105 nad Parafi\u0105<\/p>\n<p><strong><u>\u00a0<\/u><\/strong><\/p>\n<p><strong><u>NIEDZIELA \u00a01 .I. 2023r<\/u><\/strong><strong><u>.- NOWY ROK<\/u><\/strong><\/p>\n<p><strong>\u00a0<\/strong><\/p>\n<p>Godz. 8:00 \u00a0\u00a0\u00a0\u00a0&#8211;\u00a0 \u00a0\u00a0\u00a0\u00a0\u00a0W intencji Parafian<\/p>\n<p>&nbsp;<\/p>\n<p>Godz. 10:00 \u00a0\u00a0&#8211;\u00a0 \u00a0\u00a0\u00a0+ Czes\u0142aw Cudzich<\/p>\n<p>&nbsp;<\/p>\n<p>Godz. 18\u00a0 \u00a0\u00a0\u00a0\u00a0\u00a0\u00a0&#8211;\u00a0\u00a0\u00a0 \u00a0+\u00a0 W\u0142adys\u0142aw Cudzich w 2r. \u015bmierci<\/p>\n","protected":false},"excerpt":{"rendered":"<p>INTENCJE MSZY \u015aWI\u0118TYCH \u00a0 \u00a0 PONIEDZIA\u0141EK 26. XII. 2 2022r.-\u015aW. SZCZEPANA &nbsp; Godz. 8:00\u00a0\u00a0\u00a0\u00a0\u00a0\u00a0\u00a0\u00a0 &#8211; \u00a0\u00a0\u00a0+ Stanis\u0142aw J\u0119drzejas w 6r. \u015bmierci Godz. 10:00\u00a0\u00a0\u00a0\u00a0\u00a0\u00a0 &#8211;\u00a0 ++\u00a0 Eugeniusz i Maaria Matykowie &#8211;\u00a0\u00a0\u00a0\u00a0\u00a0\u00a0\u00a0 O zdrowie i b\u0142. Bo\u017ce dla Karola J\u00f3zefa Majdaka\u00a0 w dniu chrztu \u015bw. Godz. 18\u00a0\u00a0\u00a0\u00a0\u00a0\u00a0\u00a0\u00a0\u00a0\u00a0\u00a0 &#8211;\u00a0\u00a0\u00a0\u00a0\u00a0 + Stefania Wr\u00f3bel w 9r. \u015bmierci WTOREK 27 .XII [&hellip;]<\/p>\n","protected":false},"author":0,"featured_media":0,"comment_status":"closed","ping_status":"closed","sticky":false,"template":"","format":"standard","meta":{"ngg_post_thumbnail":0,"footnotes":""},"categories":[7],"tags":[],"class_list":["post-3148","post","type-post","status-publish","format-standard","hentry","category-intencje"],"aioseo_notices":[],"_links":{"self":[{"href":"https:\/\/parafiakrzyzowa.pl\/index.php?rest_route=\/wp\/v2\/posts\/3148","targetHints":{"allow":["GET"]}}],"collection":[{"href":"https:\/\/parafiakrzyzowa.pl\/index.php?rest_route=\/wp\/v2\/posts"}],"about":[{"href":"https:\/\/parafiakrzyzowa.pl\/index.php?rest_route=\/wp\/v2\/types\/post"}],"replies":[{"embeddable":true,"href":"https:\/\/parafiakrzyzowa.pl\/index.php?rest_route=%2Fwp%2Fv2%2Fcomments&post=3148"}],"version-history":[{"count":1,"href":"https:\/\/parafiakrzyzowa.pl\/index.php?rest_route=\/wp\/v2\/posts\/3148\/revisions"}],"predecessor-version":[{"id":3149,"href":"https:\/\/parafiakrzyzowa.pl\/index.php?rest_route=\/wp\/v2\/posts\/3148\/revisions\/3149"}],"wp:attachment":[{"href":"https:\/\/parafiakrzyzowa.pl\/index.php?rest_route=%2Fwp%2Fv2%2Fmedia&parent=3148"}],"wp:term":[{"taxonomy":"category","embeddable":true,"href":"https:\/\/parafiakrzyzowa.pl\/index.php?rest_route=%2Fwp%2Fv2%2Fcategories&post=3148"},{"taxonomy":"post_tag","embeddable":true,"href":"https:\/\/parafiakrzyzowa.pl\/index.php?rest_route=%2Fwp%2Fv2%2Ftags&post=3148"}],"curies":[{"name":"wp","href":"https:\/\/api.w.org\/{rel}","templated":true}]}}