{"id":3156,"date":"2022-12-25T20:33:18","date_gmt":"2022-12-25T20:33:18","guid":{"rendered":"https:\/\/parafiakrzyzowa.pl\/?p=3156"},"modified":"2022-12-25T20:33:36","modified_gmt":"2022-12-25T20:33:36","slug":"3156","status":"publish","type":"post","link":"https:\/\/parafiakrzyzowa.pl\/?p=3156","title":{"rendered":""},"content":{"rendered":"<p>Krzy\u017cowa\u00a0 26.XII . 2022r.<\/p>\n<p>&nbsp;<\/p>\n<p>&nbsp;<\/p>\n<p>&nbsp;<\/p>\n<p>&nbsp;<\/p>\n<p>&nbsp;<\/p>\n<p><strong><u>\u00a0\u015aW. SZCZEPANA M\u0118CZENNIKA\u00a0\u00a0 <\/u><\/strong><\/p>\n<p>&nbsp;<\/p>\n<p>&nbsp;<\/p>\n<p>&nbsp;<\/p>\n<p>Dzi\u015b przypada II dzie\u0144 \u015bwi\u0105t Bo\u017cego Narodzenia. Po ka\u017cdej mszy \u015awi\u0119tek po\u015bwi\u0119cenie owsa . Wszystkie ofiary z mszy \u015bw. dzisiejszych przeznaczone s\u0105 dla Uniwersytetu Papieskiego Jana Paw\u0142a II w Krakowie.<\/p>\n<p>&nbsp;<\/p>\n<p>W sobot\u0119 zako\u0144czenie Starego Roku. Zapraszam bardzo serdecznie na uroczyste nieszpory z kazaniem o godz. 17. Po nieszporach msza \u015bw. dzi\u0119kczynna za wszystkie \u0142aski Bo\u017ce kt\u00f3re otrzymali\u015bmy w Starym roku 2022.<\/p>\n<p>&nbsp;<\/p>\n<p>Po dw\u00f3ch latach przerwy w tym roku b\u0119dzie wizyta duszpasterska czyli kol\u0119da. Codziennie kol\u0119d\u0119\u00a0\u00a0 z 3 ministrant\u00f3w lub lektor\u00f3w b\u0119d\u0119 rozpoczyna\u0142 o godz. 10. Bardzo serdecznie prosz\u0119 aby w domach by\u0142a \u015bwi\u0119cona woda krzy\u017cyk i \u015bwiece. Mo\u017ce by\u0107 na stole Biblia. Je\u015bli to jest mo\u017cliwe bardzo prosz\u0119 aby wszyscy domownicy byli na modlitwie\u00a0 Nie ma powod\u00f3w \u017ceby ucieka\u0107 przed swoim ksi\u0119dzem bo nie mam zamiaru nikogo nawraca\u0107 tylko si\u0119 z wami modli\u0107 i pozostawi\u0107 Bo\u017ce b\u0142ogos\u0142awie\u0144stwo w waszych domach.<\/p>\n<p>Bardzo prosz\u0119, aby jeden z domownik\u00f3w wyszed\u0142 przed dom \u017ceby\u015bmy wiedzieli czy mamy wchodzi\u0107 do domu, czy te\u017c kto\u015b sobie nie \u017cyczy kol\u0119dy. W tym roku kol\u0119da b\u0119dzie trwa\u0107 d\u0142ugo poniewa\u017c codziennie odwiedz\u0119 nie wi\u0119cej ni\u017c 15 dom\u00f3w. Bardzo serdecznie prosz\u0119 aby\u015bcie dbali\u00a0\u00a0\u00a0\u00a0\u00a0 \u00a0\u00a0\u00a0\u00a0\u00a0\u00a0\u00a0\u00a0\u00a0\u00a0\u00a0\u00a0\u00a0\u00a0\u00a0\u00a0\u00a0o ministrant\u00f3w .<\/p>\n<p>&nbsp;<\/p>\n<p>Jutro kol\u0119da b\u0119dzie od godz. 10 \u00a0od. P. Niewdan\u00f3w JPII 330 do P. Kami\u0144skick Brzegowa 3<\/p>\n<p>\u015aroda od 10 od. P. Michalec JPII 326 do P, Dendys JPII 318<\/p>\n<p>Czwartek od10 od P\/Ciupka JPII 159 do Domu Komunalnego i P. Michalec\u00a0 P.Pasor ul\/ Stawowa 7\u00a0 i P. Wrona ul. Babiog\u00f3rska 2<\/p>\n<p>W pi\u0105tek i sobot\u0119 nie ma kol\u0119dy<\/p>\n<p>&nbsp;<\/p>\n<p>Sprz\u0105tanie ko\u015bcio\u0142a b\u0119dzie w sobot\u0119 o godz.9:00. Sprz\u0105taj\u0105 Panie: Ewelina Kaprak Zofia Pierlak Marta Cudzich i Wioletta Kobies<\/p>\n<p>&nbsp;<\/p>\n<p>&nbsp;<\/p>\n","protected":false},"excerpt":{"rendered":"<p>Krzy\u017cowa\u00a0 26.XII . 2022r. &nbsp; &nbsp; &nbsp; &nbsp; &nbsp; \u00a0\u015aW. SZCZEPANA M\u0118CZENNIKA\u00a0\u00a0 &nbsp; &nbsp; &nbsp; Dzi\u015b przypada II dzie\u0144 \u015bwi\u0105t Bo\u017cego Narodzenia. Po ka\u017cdej mszy \u015awi\u0119tek po\u015bwi\u0119cenie owsa . Wszystkie ofiary z mszy \u015bw. dzisiejszych przeznaczone s\u0105 dla Uniwersytetu Papieskiego Jana Paw\u0142a II w Krakowie. &nbsp; W sobot\u0119 zako\u0144czenie Starego Roku. Zapraszam bardzo serdecznie na [&hellip;]<\/p>\n","protected":false},"author":0,"featured_media":0,"comment_status":"closed","ping_status":"closed","sticky":false,"template":"","format":"standard","meta":{"ngg_post_thumbnail":0,"footnotes":""},"categories":[3],"tags":[],"class_list":["post-3156","post","type-post","status-publish","format-standard","hentry","category-ogloszenia"],"aioseo_notices":[],"_links":{"self":[{"href":"https:\/\/parafiakrzyzowa.pl\/index.php?rest_route=\/wp\/v2\/posts\/3156","targetHints":{"allow":["GET"]}}],"collection":[{"href":"https:\/\/parafiakrzyzowa.pl\/index.php?rest_route=\/wp\/v2\/posts"}],"about":[{"href":"https:\/\/parafiakrzyzowa.pl\/index.php?rest_route=\/wp\/v2\/types\/post"}],"replies":[{"embeddable":true,"href":"https:\/\/parafiakrzyzowa.pl\/index.php?rest_route=%2Fwp%2Fv2%2Fcomments&post=3156"}],"version-history":[{"count":1,"href":"https:\/\/parafiakrzyzowa.pl\/index.php?rest_route=\/wp\/v2\/posts\/3156\/revisions"}],"predecessor-version":[{"id":3157,"href":"https:\/\/parafiakrzyzowa.pl\/index.php?rest_route=\/wp\/v2\/posts\/3156\/revisions\/3157"}],"wp:attachment":[{"href":"https:\/\/parafiakrzyzowa.pl\/index.php?rest_route=%2Fwp%2Fv2%2Fmedia&parent=3156"}],"wp:term":[{"taxonomy":"category","embeddable":true,"href":"https:\/\/parafiakrzyzowa.pl\/index.php?rest_route=%2Fwp%2Fv2%2Fcategories&post=3156"},{"taxonomy":"post_tag","embeddable":true,"href":"https:\/\/parafiakrzyzowa.pl\/index.php?rest_route=%2Fwp%2Fv2%2Ftags&post=3156"}],"curies":[{"name":"wp","href":"https:\/\/api.w.org\/{rel}","templated":true}]}}