{"id":3189,"date":"2023-01-28T09:15:09","date_gmt":"2023-01-28T09:15:09","guid":{"rendered":"https:\/\/parafiakrzyzowa.pl\/?p=3189"},"modified":"2023-01-28T09:29:10","modified_gmt":"2023-01-28T09:29:10","slug":"3189","status":"publish","type":"post","link":"https:\/\/parafiakrzyzowa.pl\/?p=3189","title":{"rendered":""},"content":{"rendered":"<p><u>INTENCJE MSZY \u015aWI\u0118TYCH<\/u><\/p>\n<h3><u>NIEDZIELA \u2013 29 .I. 2023r.<\/u><\/h3>\n<ol style=\"list-style-type: lower-alpha;\">\n<li>Godz. 8:00\u00a0 &#8211; \u00a0\u00a0\u00a0\u00a0\u00a0\u00a0+\u00a0 Krzysztof Dendys w 3r. \u015bmierci<\/li>\n<\/ol>\n<p>&nbsp;<\/p>\n<p>Godz. 10\u00a0\u00a0\u00a0\u00a0 &#8211;\u00a0\u00a0\u00a0\u00a0 ++\u00a0 W\u0142adys\u0142aw Krzesak w 6r. \u015bmierci \u017cona Anna<\/p>\n<p>&nbsp;<\/p>\n<p>Godz. 18\u00a0\u00a0\u00a0\u00a0 &#8211;\u00a0\u00a0\u00a0\u00a0\u00a0 \u00a0\u00a0\u00a0\u00a0\u00a0\u00a0W intencji Parafian<\/p>\n<h3><u>PONIEDZIA\u0141EK 30.I. 2023r..<\/u><\/h3>\n<p>&nbsp;<\/p>\n<p>Godz. 17\u00a0\u00a0\u00a0\u00a0 &#8211;\u00a0\u00a0 + Maria Majcherek<\/p>\n<h3><u>WTOREK 31 .I 2023r<\/u><u>. <\/u><\/h3>\n<p>&nbsp;<\/p>\n<p>Godz. 7 :00 \u00a0&#8211; \u00a0\u00a0\u00a0+ Weronika Kami\u0144ska<\/p>\n<h3><u>\u015aRODA\u00a0\u00a0 1 .II. 2023r.<\/u><\/h3>\n<p>&nbsp;<\/p>\n<p>Godz. 17\u00a0\u00a0\u00a0\u00a0\u00a0 &#8211;\u00a0\u00a0\u00a0\u00a0 + Emilia Kami\u0144ska<\/p>\n<h3><u>CZWARTEK 2 .II. 2003r.- OFIAROWANIE\u00a0 PA\u0143SKIE<\/u><\/h3>\n<p>&nbsp;<\/p>\n<p>Godz.\u00a0 8:00 \u00a0&#8211;\u00a0 ++ Maria Kami\u0144ska i rodzice Franciszek i Anna<\/p>\n<p>Godz. 17\u00a0\u00a0\u00a0\u00a0\u00a0 &#8211;\u00a0\u00a0\u00a0\u00a0 + Czes\u0142aw Cudzich<\/p>\n<h3><u>PI\u0104TEK \u00a03. II. 2023r .<\/u><\/h3>\n<p>&nbsp;<\/p>\n<p>Godz. 17\u00a0\u00a0\u00a0 \u00a0\u00a0\u00a0&#8211;\u00a0\u00a0\u00a0\u00a0\u00a0\u00a0\u00a0 Za zmar\u0142ych wypominanych<\/p>\n<h3><u>SOBOTA \u00a04. II. 2023r.<\/u><\/h3>\n<p>&nbsp;<\/p>\n<p>Godz.\u00a0 17\u00a0 \u00a0\u00a0\u00a0\u00a0\u00a0&#8211; \u00a0\u00a0++ Rudolf Kwocza\u0142a i rodzice<\/p>\n<p><strong><u>\u00a0<\/u><\/strong><\/p>\n<p><strong><u>NIEDZIELA \u00a05 .II. 2023r<\/u><\/strong><strong><u>.<\/u><\/strong><\/p>\n<p>&nbsp;<\/p>\n<p>Godz. 8:00 \u00a0\u00a0\u00a0\u00a0&#8211;\u00a0 \u00a0\u00a0++ Karol i Maria Kaprakowie<\/p>\n<p>&nbsp;<\/p>\n<p>Godz. 10\u00a0\u00a0\u00a0\u00a0 \u00a0\u00a0\u00a0&#8211;\u00a0\u00a0\u00a0 \u00a0\u00a0\u00a0+ Stanis\u0142aw Hulb\u00f3j w 1r. \u015bmieeci<\/p>\n<p>&nbsp;<\/p>\n<p>Godz. 18\u00a0 \u00a0\u00a0\u00a0\u00a0\u00a0\u00a0&#8211;\u00a0\u00a0\u00a0 \u00a0\u00a0\u00a0\u00a0+ W\u0142adys\u0142aw Niewdana w 1r. \u015bmierci<\/p>\n","protected":false},"excerpt":{"rendered":"<p>INTENCJE MSZY \u015aWI\u0118TYCH NIEDZIELA \u2013 29 .I. 2023r. Godz. 8:00\u00a0 &#8211; \u00a0\u00a0\u00a0\u00a0\u00a0\u00a0+\u00a0 Krzysztof Dendys w 3r. \u015bmierci &nbsp; Godz. 10\u00a0\u00a0\u00a0\u00a0 &#8211;\u00a0\u00a0\u00a0\u00a0 ++\u00a0 W\u0142adys\u0142aw Krzesak w 6r. \u015bmierci \u017cona Anna &nbsp; Godz. 18\u00a0\u00a0\u00a0\u00a0 &#8211;\u00a0\u00a0\u00a0\u00a0\u00a0 \u00a0\u00a0\u00a0\u00a0\u00a0\u00a0W intencji Parafian PONIEDZIA\u0141EK 30.I. 2023r.. &nbsp; Godz. 17\u00a0\u00a0\u00a0\u00a0 &#8211;\u00a0\u00a0 + Maria Majcherek WTOREK 31 .I 2023r. &nbsp; Godz. 7 :00 \u00a0&#8211; [&hellip;]<\/p>\n","protected":false},"author":0,"featured_media":0,"comment_status":"closed","ping_status":"closed","sticky":false,"template":"","format":"standard","meta":{"ngg_post_thumbnail":0,"footnotes":""},"categories":[1],"tags":[],"class_list":["post-3189","post","type-post","status-publish","format-standard","hentry","category-kazania"],"aioseo_notices":[],"_links":{"self":[{"href":"https:\/\/parafiakrzyzowa.pl\/index.php?rest_route=\/wp\/v2\/posts\/3189","targetHints":{"allow":["GET"]}}],"collection":[{"href":"https:\/\/parafiakrzyzowa.pl\/index.php?rest_route=\/wp\/v2\/posts"}],"about":[{"href":"https:\/\/parafiakrzyzowa.pl\/index.php?rest_route=\/wp\/v2\/types\/post"}],"replies":[{"embeddable":true,"href":"https:\/\/parafiakrzyzowa.pl\/index.php?rest_route=%2Fwp%2Fv2%2Fcomments&post=3189"}],"version-history":[{"count":4,"href":"https:\/\/parafiakrzyzowa.pl\/index.php?rest_route=\/wp\/v2\/posts\/3189\/revisions"}],"predecessor-version":[{"id":3196,"href":"https:\/\/parafiakrzyzowa.pl\/index.php?rest_route=\/wp\/v2\/posts\/3189\/revisions\/3196"}],"wp:attachment":[{"href":"https:\/\/parafiakrzyzowa.pl\/index.php?rest_route=%2Fwp%2Fv2%2Fmedia&parent=3189"}],"wp:term":[{"taxonomy":"category","embeddable":true,"href":"https:\/\/parafiakrzyzowa.pl\/index.php?rest_route=%2Fwp%2Fv2%2Fcategories&post=3189"},{"taxonomy":"post_tag","embeddable":true,"href":"https:\/\/parafiakrzyzowa.pl\/index.php?rest_route=%2Fwp%2Fv2%2Ftags&post=3189"}],"curies":[{"name":"wp","href":"https:\/\/api.w.org\/{rel}","templated":true}]}}