{"id":3199,"date":"2023-02-04T09:03:44","date_gmt":"2023-02-04T09:03:44","guid":{"rendered":"https:\/\/parafiakrzyzowa.pl\/?p=3199"},"modified":"2023-02-06T10:44:13","modified_gmt":"2023-02-06T10:44:13","slug":"3199","status":"publish","type":"post","link":"https:\/\/parafiakrzyzowa.pl\/?p=3199","title":{"rendered":""},"content":{"rendered":"<p><u>INTENCJE MSZY \u015aWI\u0118TYCH<\/u><\/p>\n<h3><u>NIEDZIELA \u2013 5 .II. 2023r. <\/u><\/h3>\n<h4>Godz. 8\u00a0:00 &#8211;\u00a0 ++ Karol i Maria Kaprakowie<\/h4>\n<p>&nbsp;<\/p>\n<p>Godz. 10\u00a0\u00a0\u00a0\u00a0 &#8211;\u00a0\u00a0\u00a0\u00a0\u00a0\u00a0\u00a0\u00a0 + Stanis\u0142aw Hulb\u00f3j w 1r. \u015bmierci<\/p>\n<p>&nbsp;<\/p>\n<p>Godz. 18\u00a0\u00a0\u00a0\u00a0 &#8211;\u00a0\u00a0\u00a0\u00a0\u00a0 \u00a0\u00a0\u00a0\u00a0+ W\u0142adys\u0142aw Niewdana w 1r. \u015bmierci<\/p>\n<h3><u>PONIEDZIA\u0141EK 6.II. 2023r..<\/u><\/h3>\n<p>&nbsp;<\/p>\n<p>Godz. 17\u00a0\u00a0\u00a0\u00a0 &#8211;\u00a0 \u00a0\u00a0\u00a0\u00a0+ Jan Slowiaczek<\/p>\n<h3><u>WTOREK 7 .II. 2023r<\/u><u>. <\/u><\/h3>\n<p>&nbsp;<\/p>\n<p>Godz. 7 :00 \u00a0&#8211; \u00a0\u00a0\u00a0\u00a0\u00a0\u00a0\u00a0W intencji Parafii<\/p>\n<h3><u>\u015aRODA\u00a0\u00a0 8 .II. 2023r.<\/u><\/h3>\n<p>&nbsp;<\/p>\n<p>Godz. 17\u00a0\u00a0\u00a0\u00a0\u00a0 &#8211;\u00a0\u00a0\u00a0\u00a0\u00a0 + Bronis\u0142aw Basik<\/p>\n<h3><u>CZWARTEK 9 .II. 2003r.<\/u><\/h3>\n<p>&nbsp;<\/p>\n<p>Godz. 7:00\u00a0\u00a0 &#8211;\u00a0\u00a0\u00a0\u00a0 \u00a0+ Jan \u0141ukaszek<\/p>\n<h3><u>PI\u0104TEK \u00a010. II. 2023r .<\/u><\/h3>\n<p>&nbsp;<\/p>\n<p>Godz. 17\u00a0\u00a0\u00a0 \u00a0\u00a0\u00a0&#8211;\u00a0\u00a0\u00a0\u00a0\u00a0 + Aniela Klimczak<\/p>\n<h3><u>SOBOTA \u00a011. II. 2023r.<\/u><\/h3>\n<p>&nbsp;<\/p>\n<p>Godz.\u00a0 17\u00a0 \u00a0\u00a0\u00a0\u00a0\u00a0&#8211; \u00a0\u00a0\u00a0\u00a0\u00a0+ \u0141ukasz Z\u0105bek<\/p>\n<p><strong><u>\u00a0<\/u><\/strong><\/p>\n<p><strong><u>NIEDZIELA \u00a012 .II. 2023r<\/u><\/strong><strong><u>.<\/u><\/strong><\/p>\n<p>&nbsp;<\/p>\n<p>Godz. 8:00 \u00a0\u00a0\u00a0\u00a0&#8211;\u00a0 \u00a0++ Stanis\u0142aw i Wiktoria Pielowie<\/p>\n<p>&nbsp;<\/p>\n<p>Godz. 10\u00a0\u00a0\u00a0\u00a0 \u00a0\u00a0\u00a0&#8211;\u00a0\u00a0\u00a0 ++ W\u0142adys\u0142aw Pastor \u017cona Weronika syn Tadeusz<\/p>\n<p>&nbsp;<\/p>\n<p>Godz. 18\u00a0 \u00a0\u00a0\u00a0\u00a0\u00a0\u00a0&#8211;\u00a0 \u00a0\u00a0\u00a0\u00a0\u00a0\u00a0\u00a0\u00a0W intencji Parafian<\/p>\n","protected":false},"excerpt":{"rendered":"<p>INTENCJE MSZY \u015aWI\u0118TYCH NIEDZIELA \u2013 5 .II. 2023r. Godz. 8\u00a0:00 &#8211;\u00a0 ++ Karol i Maria Kaprakowie &nbsp; Godz. 10\u00a0\u00a0\u00a0\u00a0 &#8211;\u00a0\u00a0\u00a0\u00a0\u00a0\u00a0\u00a0\u00a0 + Stanis\u0142aw Hulb\u00f3j w 1r. \u015bmierci &nbsp; Godz. 18\u00a0\u00a0\u00a0\u00a0 &#8211;\u00a0\u00a0\u00a0\u00a0\u00a0 \u00a0\u00a0\u00a0\u00a0+ W\u0142adys\u0142aw Niewdana w 1r. \u015bmierci PONIEDZIA\u0141EK 6.II. 2023r.. &nbsp; Godz. 17\u00a0\u00a0\u00a0\u00a0 &#8211;\u00a0 \u00a0\u00a0\u00a0\u00a0+ Jan Slowiaczek WTOREK 7 .II. 2023r. &nbsp; Godz. 7 :00 \u00a0&#8211; [&hellip;]<\/p>\n","protected":false},"author":0,"featured_media":0,"comment_status":"closed","ping_status":"closed","sticky":false,"template":"","format":"standard","meta":{"ngg_post_thumbnail":0,"footnotes":""},"categories":[7],"tags":[],"class_list":["post-3199","post","type-post","status-publish","format-standard","hentry","category-intencje"],"aioseo_notices":[],"_links":{"self":[{"href":"https:\/\/parafiakrzyzowa.pl\/index.php?rest_route=\/wp\/v2\/posts\/3199","targetHints":{"allow":["GET"]}}],"collection":[{"href":"https:\/\/parafiakrzyzowa.pl\/index.php?rest_route=\/wp\/v2\/posts"}],"about":[{"href":"https:\/\/parafiakrzyzowa.pl\/index.php?rest_route=\/wp\/v2\/types\/post"}],"replies":[{"embeddable":true,"href":"https:\/\/parafiakrzyzowa.pl\/index.php?rest_route=%2Fwp%2Fv2%2Fcomments&post=3199"}],"version-history":[{"count":4,"href":"https:\/\/parafiakrzyzowa.pl\/index.php?rest_route=\/wp\/v2\/posts\/3199\/revisions"}],"predecessor-version":[{"id":3207,"href":"https:\/\/parafiakrzyzowa.pl\/index.php?rest_route=\/wp\/v2\/posts\/3199\/revisions\/3207"}],"wp:attachment":[{"href":"https:\/\/parafiakrzyzowa.pl\/index.php?rest_route=%2Fwp%2Fv2%2Fmedia&parent=3199"}],"wp:term":[{"taxonomy":"category","embeddable":true,"href":"https:\/\/parafiakrzyzowa.pl\/index.php?rest_route=%2Fwp%2Fv2%2Fcategories&post=3199"},{"taxonomy":"post_tag","embeddable":true,"href":"https:\/\/parafiakrzyzowa.pl\/index.php?rest_route=%2Fwp%2Fv2%2Ftags&post=3199"}],"curies":[{"name":"wp","href":"https:\/\/api.w.org\/{rel}","templated":true}]}}