{"id":3215,"date":"2023-02-12T10:32:41","date_gmt":"2023-02-12T10:32:41","guid":{"rendered":"https:\/\/parafiakrzyzowa.pl\/?p=3215"},"modified":"2023-02-12T10:32:48","modified_gmt":"2023-02-12T10:32:48","slug":"3215","status":"publish","type":"post","link":"https:\/\/parafiakrzyzowa.pl\/?p=3215","title":{"rendered":""},"content":{"rendered":"<p><u>INTENCJE MSZY \u015aWI\u0118TYCH<\/u><\/p>\n<h3><u>NIEDZIELA \u2013 12 .II. 2023r. <\/u><\/h3>\n<h3>Godz. 8:00\u00a0 &#8211; \u00a0\u00a0\u00a0\u00a0\u00a0++ Stanis\u0142aw i Wiktoria Pielowie<\/h3>\n<p>&nbsp;<\/p>\n<p>Godz. 10\u00a0\u00a0\u00a0\u00a0 &#8211;\u00a0\u00a0\u00a0\u00a0\u00a0\u00a0 ++ W\u0142adys\u0142aw Pastor \u017cona Weronika syn Tadeusz<\/p>\n<p>&nbsp;<\/p>\n<p>Godz. 18\u00a0\u00a0\u00a0\u00a0 &#8211;\u00a0\u00a0\u00a0\u00a0\u00a0 \u00a0\u00a0\u00a0\u00a0\u00a0\u00a0\u00a0W intencji parafian<\/p>\n<h3><u>PONIEDZIA\u0141EK 13.II. 2023r..<\/u><\/h3>\n<p>&nbsp;<\/p>\n<p>Godz. 17\u00a0\u00a0\u00a0\u00a0 &#8211;\u00a0 \u00a0\u00a0++ Maria Michalec w 30r. \u015bmiercim\u0105\u017c Franciszek<\/p>\n<h3><u>WTOREK 14 .II. 2023r<\/u><u>. <\/u><\/h3>\n<p>&nbsp;<\/p>\n<p>Godz. 7 :00 \u00a0&#8211; \u00a0\u00a0\u00a0\u00a0\u00a0+ Wiktoria Czauderna<\/p>\n<h3><u>\u015aRODA\u00a0\u00a0 15 .II. 2023r.<\/u><\/h3>\n<p>&nbsp;<\/p>\n<p>Godz. 17\u00a0\u00a0\u00a0\u00a0\u00a0 &#8211;\u00a0\u00a0\u00a0\u00a0\u00a0 + Maria Majcherek<\/p>\n<h3><u>CZWARTEK 16 .II. 2003r.<\/u><\/h3>\n<p>&nbsp;<\/p>\n<p>Godz. 7:00\u00a0\u00a0 &#8211;\u00a0\u00a0\u00a0\u00a0 \u00a0+ J\u00f3zef Kormaniak<\/p>\n<h3><u>PI\u0104TEK \u00a017. II. 2023r .<\/u><\/h3>\n<p>&nbsp;<\/p>\n<p>Godz. 17\u00a0\u00a0\u00a0 \u00a0\u00a0\u00a0&#8211;\u00a0\u00a0\u00a0\u00a0\u00a0\u00a0\u00a0\u00a0\u00a0 Do Bo\u017cego Mi\u0142osierdzia<\/p>\n<h3><u>SOBOTA \u00a018. II. 2023r.<\/u><\/h3>\n<p>&nbsp;<\/p>\n<p>Godz.\u00a0 17\u00a0 \u00a0\u00a0\u00a0\u00a0\u00a0&#8211; \u00a0++ Magdalena Walig\u00f3ra w 28r. \u015bmierci m\u0105\u017c i syn<\/p>\n<p><strong><u>\u00a0<\/u><\/strong><\/p>\n<p><strong><u>NIEDZIELA \u00a019 .II. 2023r<\/u><\/strong><strong><u>.<\/u><\/strong><\/p>\n<p>&nbsp;<\/p>\n<p>Godz. 8:00 \u00a0\u00a0\u00a0\u00a0&#8211;\u00a0 \u00a0++\u00a0 Jan i Wiktoria G\u00f3ra<\/p>\n<p>&nbsp;<\/p>\n<p>Godz. 10\u00a0\u00a0\u00a0\u00a0 \u00a0\u00a0\u00a0&#8211;\u00a0\u00a0\u00a0 \u00a0\u00a0+ Kazimierz Bia\u0142o\u0144 w 3r. \u015bmierci<\/p>\n<p>&nbsp;<\/p>\n<p>Godz. 18\u00a0 \u00a0\u00a0\u00a0\u00a0\u00a0\u00a0&#8211;\u00a0 \u00a0\u00a0\u00a0\u00a0\u00a0+ Jan P\u0142aza<\/p>\n","protected":false},"excerpt":{"rendered":"<p>INTENCJE MSZY \u015aWI\u0118TYCH NIEDZIELA \u2013 12 .II. 2023r. Godz. 8:00\u00a0 &#8211; \u00a0\u00a0\u00a0\u00a0\u00a0++ Stanis\u0142aw i Wiktoria Pielowie &nbsp; Godz. 10\u00a0\u00a0\u00a0\u00a0 &#8211;\u00a0\u00a0\u00a0\u00a0\u00a0\u00a0 ++ W\u0142adys\u0142aw Pastor \u017cona Weronika syn Tadeusz &nbsp; Godz. 18\u00a0\u00a0\u00a0\u00a0 &#8211;\u00a0\u00a0\u00a0\u00a0\u00a0 \u00a0\u00a0\u00a0\u00a0\u00a0\u00a0\u00a0W intencji parafian PONIEDZIA\u0141EK 13.II. 2023r.. &nbsp; Godz. 17\u00a0\u00a0\u00a0\u00a0 &#8211;\u00a0 \u00a0\u00a0++ Maria Michalec w 30r. \u015bmiercim\u0105\u017c Franciszek WTOREK 14 .II. 2023r. &nbsp; Godz. 7 [&hellip;]<\/p>\n","protected":false},"author":0,"featured_media":0,"comment_status":"closed","ping_status":"closed","sticky":false,"template":"","format":"standard","meta":{"ngg_post_thumbnail":0,"footnotes":""},"categories":[7],"tags":[],"class_list":["post-3215","post","type-post","status-publish","format-standard","hentry","category-intencje"],"aioseo_notices":[],"_links":{"self":[{"href":"https:\/\/parafiakrzyzowa.pl\/index.php?rest_route=\/wp\/v2\/posts\/3215","targetHints":{"allow":["GET"]}}],"collection":[{"href":"https:\/\/parafiakrzyzowa.pl\/index.php?rest_route=\/wp\/v2\/posts"}],"about":[{"href":"https:\/\/parafiakrzyzowa.pl\/index.php?rest_route=\/wp\/v2\/types\/post"}],"replies":[{"embeddable":true,"href":"https:\/\/parafiakrzyzowa.pl\/index.php?rest_route=%2Fwp%2Fv2%2Fcomments&post=3215"}],"version-history":[{"count":1,"href":"https:\/\/parafiakrzyzowa.pl\/index.php?rest_route=\/wp\/v2\/posts\/3215\/revisions"}],"predecessor-version":[{"id":3216,"href":"https:\/\/parafiakrzyzowa.pl\/index.php?rest_route=\/wp\/v2\/posts\/3215\/revisions\/3216"}],"wp:attachment":[{"href":"https:\/\/parafiakrzyzowa.pl\/index.php?rest_route=%2Fwp%2Fv2%2Fmedia&parent=3215"}],"wp:term":[{"taxonomy":"category","embeddable":true,"href":"https:\/\/parafiakrzyzowa.pl\/index.php?rest_route=%2Fwp%2Fv2%2Fcategories&post=3215"},{"taxonomy":"post_tag","embeddable":true,"href":"https:\/\/parafiakrzyzowa.pl\/index.php?rest_route=%2Fwp%2Fv2%2Ftags&post=3215"}],"curies":[{"name":"wp","href":"https:\/\/api.w.org\/{rel}","templated":true}]}}