{"id":3249,"date":"2023-03-18T08:27:50","date_gmt":"2023-03-18T08:27:50","guid":{"rendered":"https:\/\/parafiakrzyzowa.pl\/?p=3249"},"modified":"2023-03-18T08:27:57","modified_gmt":"2023-03-18T08:27:57","slug":"3249","status":"publish","type":"post","link":"https:\/\/parafiakrzyzowa.pl\/?p=3249","title":{"rendered":""},"content":{"rendered":"<p><strong><u>INTENCJE MSZY \u015aWI\u0118TYCH<\/u><\/strong><\/p>\n<h3><u>NIEDZIELA \u2013 19 .III. 2023r. <\/u><\/h3>\n<h3>Godz. 8:00\u00a0\u00a0 &#8211;\u00a0\u00a0\u00a0 + Pawe\u0142 Witas w 19r. \u015bmierci<\/h3>\n<p>Godz. 10\u00a0\u00a0\u00a0 \u00a0\u00a0&#8211;\u00a0\u00a0\u00a0 + Stanis\u0142aw Legler w 19r. \u015bmierci<\/p>\n<p>&#8211;\u00a0\u00a0\u00a0\u00a0\u00a0\u00a0\u00a0 O zdrowie i b\u0142. Bo\u017ce dla Franciszka Michalca i Filipa Kami\u0144skiego<\/p>\n<p>z okazji chrztu \u015bw.<\/p>\n<p>&nbsp;<\/p>\n<p>Godz. 18\u00a0\u00a0\u00a0\u00a0 &#8211;\u00a0\u00a0\u00a0 + \u00a0Waleria Cudzich w 2r. \u015bmierci<\/p>\n<h3><u>PONIEDZIA\u0141EK 20.III. 2023r..<\/u><\/h3>\n<p>&nbsp;<\/p>\n<p>Godz. 18\u00a0\u00a0\u00a0\u00a0 &#8211;\u00a0 \u00a0\u00a0\u00a0\u00a0\u00a0\u00a0O zdrowie i b\u0142. Bo\u017ce dla J\u00f3zefa P\u0142azy w 90r. urodzin<\/p>\n<h3><u>WTOREK 21 .III. 2023r<\/u><u>.<\/u><\/h3>\n<p>&nbsp;<\/p>\n<p>Godz. 7 :00 \u00a0&#8211; \u00a0\u00a0\u00a0\u00a0\u00a0W intencji Parafian<\/p>\n<h3><u>\u015aRODA \u00a022 .III. 2023r. <\/u><\/h3>\n<p>&nbsp;<\/p>\n<p>Godz. 18\u00a0\u00a0\u00a0\u00a0\u00a0 &#8211;\u00a0\u00a0 + J\u00f3zef S\u0142owik w 6r. \u015bmierci<\/p>\n<h3><u>CZWARTEK 23 .III. 2003r.<\/u><\/h3>\n<p>&nbsp;<\/p>\n<p>Godz. 7:00\u00a0\u00a0 \u00a0&#8211;\u00a0\u00a0 + Genowefa Niewdana<\/p>\n<h3><u>PI\u0104TEK \u00a024. III. 2023r .<\/u><\/h3>\n<p>&nbsp;<\/p>\n<p>Godz. 18\u00a0\u00a0\u00a0 \u00a0\u00a0\u00a0&#8211; ++ Helena\u00a0 \u0141ukaszek m\u0105\u017c J\u00f3zef<\/p>\n<h3><u>SOBOTA \u00a025. III. 2023r.-ZWIASTOWANIE PA\u0143SKIE<\/u><\/h3>\n<p>&nbsp;<\/p>\n<p>Godz. 8:00\u00a0\u00a0\u00a0\u00a0 &#8211;\u00a0\u00a0\u00a0 + Juliusz Mylak<\/p>\n<p>Godz.\u00a0 18\u00a0 \u00a0\u00a0\u00a0\u00a0\u00a0&#8211; ++ Stefania Niewdana w 2r. \u015bmierci m\u0105\u017c Zygmunt<\/p>\n<p><strong><u>NIEDZIELA \u00a026 .III. 2023r<\/u><\/strong><strong><u>.<\/u><\/strong><\/p>\n<p>&nbsp;<\/p>\n<p>Godz. 8:00 \u00a0\u00a0\u00a0\u00a0&#8211; ++ Maria i Franciszek Suchoniowie<\/p>\n<p>&nbsp;<\/p>\n<p>Godz. 10\u00a0\u00a0\u00a0\u00a0 \u00a0\u00a0\u00a0&#8211;\u00a0\u00a0\u00a0 + Franciszek S\u0142owiaczek w 14r. \u015bmierci<\/p>\n<p>&nbsp;<\/p>\n<p>Godz. 18\u00a0 \u00a0\u00a0\u00a0\u00a0\u00a0\u00a0&#8211;\u00a0 ++ J\u00f3zef i Bronis\u0142awa Ciupkowie<\/p>\n","protected":false},"excerpt":{"rendered":"<p>INTENCJE MSZY \u015aWI\u0118TYCH NIEDZIELA \u2013 19 .III. 2023r. Godz. 8:00\u00a0\u00a0 &#8211;\u00a0\u00a0\u00a0 + Pawe\u0142 Witas w 19r. \u015bmierci Godz. 10\u00a0\u00a0\u00a0 \u00a0\u00a0&#8211;\u00a0\u00a0\u00a0 + Stanis\u0142aw Legler w 19r. \u015bmierci &#8211;\u00a0\u00a0\u00a0\u00a0\u00a0\u00a0\u00a0 O zdrowie i b\u0142. Bo\u017ce dla Franciszka Michalca i Filipa Kami\u0144skiego z okazji chrztu \u015bw. &nbsp; Godz. 18\u00a0\u00a0\u00a0\u00a0 &#8211;\u00a0\u00a0\u00a0 + \u00a0Waleria Cudzich w 2r. \u015bmierci PONIEDZIA\u0141EK 20.III. 2023r.. [&hellip;]<\/p>\n","protected":false},"author":0,"featured_media":0,"comment_status":"closed","ping_status":"closed","sticky":false,"template":"","format":"standard","meta":{"ngg_post_thumbnail":0,"footnotes":""},"categories":[7],"tags":[],"class_list":["post-3249","post","type-post","status-publish","format-standard","hentry","category-intencje"],"aioseo_notices":[],"_links":{"self":[{"href":"https:\/\/parafiakrzyzowa.pl\/index.php?rest_route=\/wp\/v2\/posts\/3249","targetHints":{"allow":["GET"]}}],"collection":[{"href":"https:\/\/parafiakrzyzowa.pl\/index.php?rest_route=\/wp\/v2\/posts"}],"about":[{"href":"https:\/\/parafiakrzyzowa.pl\/index.php?rest_route=\/wp\/v2\/types\/post"}],"replies":[{"embeddable":true,"href":"https:\/\/parafiakrzyzowa.pl\/index.php?rest_route=%2Fwp%2Fv2%2Fcomments&post=3249"}],"version-history":[{"count":1,"href":"https:\/\/parafiakrzyzowa.pl\/index.php?rest_route=\/wp\/v2\/posts\/3249\/revisions"}],"predecessor-version":[{"id":3250,"href":"https:\/\/parafiakrzyzowa.pl\/index.php?rest_route=\/wp\/v2\/posts\/3249\/revisions\/3250"}],"wp:attachment":[{"href":"https:\/\/parafiakrzyzowa.pl\/index.php?rest_route=%2Fwp%2Fv2%2Fmedia&parent=3249"}],"wp:term":[{"taxonomy":"category","embeddable":true,"href":"https:\/\/parafiakrzyzowa.pl\/index.php?rest_route=%2Fwp%2Fv2%2Fcategories&post=3249"},{"taxonomy":"post_tag","embeddable":true,"href":"https:\/\/parafiakrzyzowa.pl\/index.php?rest_route=%2Fwp%2Fv2%2Ftags&post=3249"}],"curies":[{"name":"wp","href":"https:\/\/api.w.org\/{rel}","templated":true}]}}