{"id":3252,"date":"2023-03-18T08:29:22","date_gmt":"2023-03-18T08:29:22","guid":{"rendered":"https:\/\/parafiakrzyzowa.pl\/?p=3252"},"modified":"2023-03-18T08:29:49","modified_gmt":"2023-03-18T08:29:49","slug":"3252","status":"publish","type":"post","link":"https:\/\/parafiakrzyzowa.pl\/?p=3252","title":{"rendered":""},"content":{"rendered":"<p>Krzy\u017cowa 19.III. 2023r<\/p>\n<p>&nbsp;<\/p>\n<p>&nbsp;<\/p>\n<p><strong><u>IV NIEDZIELA WIELKIEGO POSTU<\/u><\/strong><\/p>\n<p><strong><u>\u00a0<\/u><\/strong><\/p>\n<p>Zapraszam jeszcze dzi\u015b na Gorzkie \u017bale z kazaniem pasyjnym o godz. 17:15 . Po mszy \u015bw. o godz. 8:00 Droga Krzy\u017cowa dla wszystkich kt\u00f3rzy nie mog\u0105 uczestniczy\u0107 w tym nabo\u017ce\u0144stwie pasyjnym w pi\u0105tek.<\/p>\n<p>W pi\u0105tek Droga krzy\u017cowa o godz. 17:30.<\/p>\n<p>&nbsp;<\/p>\n<p>Bardzo serdecznie dzi\u0119kuj\u0119 ca\u0142ej parafii za ofiary na nowy cmentarz. Rada Duszpasterska zebra\u0142a bardzo du\u017c\u0105 sum\u0119 \u2026\u2026\u00a0\u00a0\u00a0\u00a0\u00a0\u00a0 Nast\u0119pne obej\u015bcie Rady Duszpasterskiej b\u0119dzie prawdopodobnie\u00a0 \u00a0 \u00a0 \u00a0 \u00a0 \u00a0 \u00a0 \u00a0w kwietniu . Je\u015bli b\u0119dzie zgoda parafian to rozpoczniemy r\u00f3wnie\u017c ogrodzenie nowych dzia\u0142ek pod cmentarz.<\/p>\n<p>&nbsp;<\/p>\n<p>Za tydzie\u0144 w naszej parafii rozpoczynaj\u0105 si\u0119 rekolekcje wielkopostne. Nauki rekolekcyjne b\u0119dzie g\u0142osi\u0142 ks. prof. dr hab. Piotr Kroczek. Ju\u017c zapowiadam, \u017ce dzieci naszej szko\u0142y nie b\u0119d\u0105 mie\u0107 wolnych dni od zaj\u0119\u0107 szkolnych. Szczeg\u00f3\u0142owy plan rekolekcji podam za tydzie\u0144.<\/p>\n<p>&nbsp;<\/p>\n<p>Zach\u0119cam do nabywania prasy katolickiej.<\/p>\n<p>&nbsp;<\/p>\n<p>B\u00f3g zap\u0142a\u0107 za ofiary na rodzin\u0119 syryjsk\u0105 z Aleppo.<\/p>\n<p>&nbsp;<\/p>\n<p>Mo\u017cna sk\u0142ada\u0107 ofiary na kwiaty do Grobu Pana Jezusa do\u00a0 skarbony przed Obrazem Pana Jezusa Mi\u0142osiernego.<\/p>\n<p>&nbsp;<\/p>\n<p>Dzi\u0119kuj\u0119 za sprz\u0105tanie ko\u015bcio\u0142a w tym tygodniu. Nast\u0119pne sprz\u0105tanie b\u0119dzie w sobot\u0119 o godz. 9:00. Sprz\u0105taj\u0105 Panie: Sabina Z\u0105bek Aniela Kormaniak Katarzyna Mrowiec i Bo\u017cena Kormaniak.<\/p>\n<p>&nbsp;<\/p>\n<p>W najbli\u017csza sobot\u0119 przypada uroczysto\u015b\u0107 Zwiastowania Matki Naj\u015bwi\u0119tszej. Jest to jedno z najwi\u0119kszych \u015bwi\u0105t maryjnych w naszym Ko\u015bciele. Msze \u015bw. b\u0119d\u0105 o godz. 8:00 i 18 wieczorem.Serdecznie zapraszam.<\/p>\n<p>Spotkanie z dzie\u0107mi z klasy III b\u0119dzie w poniedzia\u0142ek o godz. 17.<\/p>\n<p>&nbsp;<\/p>\n<p>Kalendarz liturgiczny<\/p>\n<p>&nbsp;<\/p>\n<p>Sobota \u2013 Uroczysto\u015b\u0107 Zwiastowania Pa\u0144skiego<\/p>\n<p>&nbsp;<\/p>\n<p>&nbsp;<\/p>\n<p>&nbsp;<\/p>\n<p>&nbsp;<\/p>\n","protected":false},"excerpt":{"rendered":"<p>Krzy\u017cowa 19.III. 2023r &nbsp; &nbsp; IV NIEDZIELA WIELKIEGO POSTU \u00a0 Zapraszam jeszcze dzi\u015b na Gorzkie \u017bale z kazaniem pasyjnym o godz. 17:15 . Po mszy \u015bw. o godz. 8:00 Droga Krzy\u017cowa dla wszystkich kt\u00f3rzy nie mog\u0105 uczestniczy\u0107 w tym nabo\u017ce\u0144stwie pasyjnym w pi\u0105tek. W pi\u0105tek Droga krzy\u017cowa o godz. 17:30. &nbsp; Bardzo serdecznie dzi\u0119kuj\u0119 ca\u0142ej [&hellip;]<\/p>\n","protected":false},"author":0,"featured_media":0,"comment_status":"closed","ping_status":"closed","sticky":false,"template":"","format":"standard","meta":{"ngg_post_thumbnail":0,"footnotes":""},"categories":[3],"tags":[],"class_list":["post-3252","post","type-post","status-publish","format-standard","hentry","category-ogloszenia"],"aioseo_notices":[],"_links":{"self":[{"href":"https:\/\/parafiakrzyzowa.pl\/index.php?rest_route=\/wp\/v2\/posts\/3252","targetHints":{"allow":["GET"]}}],"collection":[{"href":"https:\/\/parafiakrzyzowa.pl\/index.php?rest_route=\/wp\/v2\/posts"}],"about":[{"href":"https:\/\/parafiakrzyzowa.pl\/index.php?rest_route=\/wp\/v2\/types\/post"}],"replies":[{"embeddable":true,"href":"https:\/\/parafiakrzyzowa.pl\/index.php?rest_route=%2Fwp%2Fv2%2Fcomments&post=3252"}],"version-history":[{"count":1,"href":"https:\/\/parafiakrzyzowa.pl\/index.php?rest_route=\/wp\/v2\/posts\/3252\/revisions"}],"predecessor-version":[{"id":3253,"href":"https:\/\/parafiakrzyzowa.pl\/index.php?rest_route=\/wp\/v2\/posts\/3252\/revisions\/3253"}],"wp:attachment":[{"href":"https:\/\/parafiakrzyzowa.pl\/index.php?rest_route=%2Fwp%2Fv2%2Fmedia&parent=3252"}],"wp:term":[{"taxonomy":"category","embeddable":true,"href":"https:\/\/parafiakrzyzowa.pl\/index.php?rest_route=%2Fwp%2Fv2%2Fcategories&post=3252"},{"taxonomy":"post_tag","embeddable":true,"href":"https:\/\/parafiakrzyzowa.pl\/index.php?rest_route=%2Fwp%2Fv2%2Ftags&post=3252"}],"curies":[{"name":"wp","href":"https:\/\/api.w.org\/{rel}","templated":true}]}}