{"id":3257,"date":"2023-03-24T19:07:41","date_gmt":"2023-03-24T19:07:41","guid":{"rendered":"https:\/\/parafiakrzyzowa.pl\/?p=3257"},"modified":"2023-03-24T19:08:28","modified_gmt":"2023-03-24T19:08:28","slug":"3257","status":"publish","type":"post","link":"https:\/\/parafiakrzyzowa.pl\/?p=3257","title":{"rendered":""},"content":{"rendered":"<p><strong><u>INTENCJE MSZY \u015aWI\u0118TYCH<\/u><\/strong><\/p>\n<h3><u>NIEDZIELA \u2013 26 .III. 2023r. <\/u><\/h3>\n<h3>Godz. 8:00\u00a0\u00a0 &#8211;\u00a0 ++ Maria i\u00a0 Franciszek Suchoniowie<\/h3>\n<p>Godz. 10\u00a0\u00a0\u00a0 \u00a0\u00a0&#8211;\u00a0\u00a0\u00a0 \u00a0+ Franciszek S\u0142owiaczek w 14r. \u015bmierci<\/p>\n<p>Godz. 18\u00a0\u00a0\u00a0\u00a0 &#8211;\u00a0\u00a0\u00a0 ++ J\u00f3zef i Bronis\u0142awa Ciupkowie<\/p>\n<h3><u>PONIEDZIA\u0141EK 27.III. 2023r..<\/u><\/h3>\n<p>Godz. 9:00\u00a0 &#8211;\u00a0\u00a0\u00a0\u00a0\u00a0\u00a0 + Emilia G\u00f3ra<\/p>\n<p>Godz. 18\u00a0\u00a0\u00a0\u00a0 &#8211;\u00a0 \u00a0\u00a0\u00a0\u00a0\u00a0\u00a0+ J\u00f3zefa Bednarek od Kablowni Aptiv<\/p>\n<h3><u>WTOREK 28 .III. 2023r<\/u><u>.<\/u><\/h3>\n<p>Godz. 9:00\u00a0 &#8211;\u00a0\u00a0\u00a0\u00a0\u00a0\u00a0\u00a0 + Jan Matejczyk<\/p>\n<p>Godz. 18 \u00a0\u00a0\u00a0\u00a0&#8211; \u00a0\u00a0\u00a0\u00a0\u00a0\u00a0+ Maria K\u0142usak<\/p>\n<h3><u>\u015aRODA \u00a029.III. 2023r. <\/u><\/h3>\n<p>Godz. 9:00\u00a0\u00a0 &#8211;\u00a0\u00a0\u00a0\u00a0\u00a0\u00a0 + Aniela Klimczak<\/p>\n<p>Godz. 18\u00a0\u00a0\u00a0\u00a0\u00a0 &#8211;\u00a0\u00a0\u00a0\u00a0\u00a0\u00a0 + Juliusz Mylak<\/p>\n<h3><u>CZWARTEK 30 .III. 2003r.<\/u><\/h3>\n<p>&nbsp;<\/p>\n<p>Godz. 7:00\u00a0\u00a0 \u00a0&#8211;\u00a0\u00a0\u00a0\u00a0\u00a0\u00a0\u00a0\u00a0\u00a0 W intencji Parafian<\/p>\n<h3><u>PI\u0104TEK \u00a031. III. 2023r .<\/u><\/h3>\n<p>&nbsp;<\/p>\n<p>Godz. 18\u00a0\u00a0\u00a0 \u00a0\u00a0\u00a0&#8211; \u00a0\u00a0\u00a0\u00a0\u00a0+\u00a0 Czes\u0142aw Cudzich<\/p>\n<h3><u>SOBOTA \u00a01. IV. 2023r.<\/u><\/h3>\n<p>&nbsp;<\/p>\n<p>Godz.\u00a0 18\u00a0 \u00a0\u00a0\u00a0\u00a0\u00a0&#8211;\u00a0\u00a0\u00a0\u00a0\u00a0 + Maria Niewdana w 17r. \u015bmierci<\/p>\n<p><strong><u>NIEDZIELA \u00a02 .IV. 2023r<\/u><\/strong><strong><u>.-NIEDZIELA PALMOWA<\/u><\/strong><\/p>\n<p>&nbsp;<\/p>\n<p>Godz. 8:00 \u00a0\u00a0\u00a0\u00a0&#8211;\u00a0\u00a0\u00a0\u00a0\u00a0 + Tadeusz Kami\u0144ski w 2r. \u015bmierci<\/p>\n<p>&nbsp;<\/p>\n<p>Godz. 10\u00a0\u00a0\u00a0\u00a0 \u00a0\u00a0\u00a0&#8211;\u00a0\u00a0\u00a0 ++ Magdalena Witas w 7r. \u015bmierci m\u0105\u017c J\u00f3zef<\/p>\n<p>&nbsp;<\/p>\n<p>Godz. 18\u00a0 \u00a0\u00a0\u00a0\u00a0\u00a0\u00a0&#8211;\u00a0 \u00a0\u00a0\u00a0\u00a0\u00a0+ Dominik Mrowiec w 4r. \u015bmierci<\/p>\n","protected":false},"excerpt":{"rendered":"<p>INTENCJE MSZY \u015aWI\u0118TYCH NIEDZIELA \u2013 26 .III. 2023r. Godz. 8:00\u00a0\u00a0 &#8211;\u00a0 ++ Maria i\u00a0 Franciszek Suchoniowie Godz. 10\u00a0\u00a0\u00a0 \u00a0\u00a0&#8211;\u00a0\u00a0\u00a0 \u00a0+ Franciszek S\u0142owiaczek w 14r. \u015bmierci Godz. 18\u00a0\u00a0\u00a0\u00a0 &#8211;\u00a0\u00a0\u00a0 ++ J\u00f3zef i Bronis\u0142awa Ciupkowie PONIEDZIA\u0141EK 27.III. 2023r.. Godz. 9:00\u00a0 &#8211;\u00a0\u00a0\u00a0\u00a0\u00a0\u00a0 + Emilia G\u00f3ra Godz. 18\u00a0\u00a0\u00a0\u00a0 &#8211;\u00a0 \u00a0\u00a0\u00a0\u00a0\u00a0\u00a0+ J\u00f3zefa Bednarek od Kablowni Aptiv WTOREK 28 .III. 2023r. [&hellip;]<\/p>\n","protected":false},"author":0,"featured_media":0,"comment_status":"closed","ping_status":"closed","sticky":false,"template":"","format":"standard","meta":{"ngg_post_thumbnail":0,"footnotes":""},"categories":[7],"tags":[],"class_list":["post-3257","post","type-post","status-publish","format-standard","hentry","category-intencje"],"aioseo_notices":[],"_links":{"self":[{"href":"https:\/\/parafiakrzyzowa.pl\/index.php?rest_route=\/wp\/v2\/posts\/3257","targetHints":{"allow":["GET"]}}],"collection":[{"href":"https:\/\/parafiakrzyzowa.pl\/index.php?rest_route=\/wp\/v2\/posts"}],"about":[{"href":"https:\/\/parafiakrzyzowa.pl\/index.php?rest_route=\/wp\/v2\/types\/post"}],"replies":[{"embeddable":true,"href":"https:\/\/parafiakrzyzowa.pl\/index.php?rest_route=%2Fwp%2Fv2%2Fcomments&post=3257"}],"version-history":[{"count":1,"href":"https:\/\/parafiakrzyzowa.pl\/index.php?rest_route=\/wp\/v2\/posts\/3257\/revisions"}],"predecessor-version":[{"id":3258,"href":"https:\/\/parafiakrzyzowa.pl\/index.php?rest_route=\/wp\/v2\/posts\/3257\/revisions\/3258"}],"wp:attachment":[{"href":"https:\/\/parafiakrzyzowa.pl\/index.php?rest_route=%2Fwp%2Fv2%2Fmedia&parent=3257"}],"wp:term":[{"taxonomy":"category","embeddable":true,"href":"https:\/\/parafiakrzyzowa.pl\/index.php?rest_route=%2Fwp%2Fv2%2Fcategories&post=3257"},{"taxonomy":"post_tag","embeddable":true,"href":"https:\/\/parafiakrzyzowa.pl\/index.php?rest_route=%2Fwp%2Fv2%2Ftags&post=3257"}],"curies":[{"name":"wp","href":"https:\/\/api.w.org\/{rel}","templated":true}]}}