{"id":3260,"date":"2023-03-24T19:10:04","date_gmt":"2023-03-24T19:10:04","guid":{"rendered":"https:\/\/parafiakrzyzowa.pl\/?p=3260"},"modified":"2023-03-25T08:29:04","modified_gmt":"2023-03-25T08:29:04","slug":"3260","status":"publish","type":"post","link":"https:\/\/parafiakrzyzowa.pl\/?p=3260","title":{"rendered":""},"content":{"rendered":"<p>Krzy\u017cowa 26.III. 2023r<\/p>\n<p>&nbsp;<\/p>\n<p>&nbsp;<\/p>\n<p><strong><u>V NIEDZIELA WIELKIEGO POSTU<\/u><\/strong><\/p>\n<p><strong><u>\u00a0<\/u><\/strong><\/p>\n<p>Dzi\u015b w naszej parafii rozpoczynamy rekolekcje wielkopostne. Bardzo serdecznie witam ks. Piotra Kroczka kt\u00f3ry b\u0119dzie nam g\u0142osi\u0142 nauki rekolekcyjne. Niech Duch \u015bw. o\u015bwieca jego serce i umys\u0142 .<\/p>\n<p>Jeszcze dzisiaj Gorzkie \u017bale o 17:15\u00a0 a po Gorzkich \u017balach msza \u015bw. a nauk\u0105 og\u00f3ln\u0105 , a po mszy \u015bwi\u0119tej nauka rekolekcyjna. Serdecznie zapraszam.<\/p>\n<p>Program rekolekcji jest na stronie internetowej naszej parafii i jest wywieszony w gablocie przed ko\u015bcio\u0142em.<\/p>\n<p>W \u015brod\u0119 prosz\u0119 serdecznie przed wieczorn\u0105 msz\u0105 \u015bw. o modlitw\u0119 r\u00f3\u017ca\u0144cow\u0105 o sprawiedliwy pok\u00f3j na Ukrainie<\/p>\n<p>W sobot\u0119 przed wieczorn\u0105 msz\u0105 \u015bw. R\u00f3\u017caniec w intencji naszej Parafii.<\/p>\n<p>&nbsp;<\/p>\n<p>Najbli\u017csza niedziela to Niedziela Palmowa . Na mszy \u015bwi\u0119tej o godz. 10 b\u0119dzie przed ko\u015bcio\u0142em\u00a0 po\u015bwi\u0119cenie palm. A po mszy \u015bwi\u0119tej b\u0119dzie wyb\u00f3r najpi\u0119kniejszych palm . Bardzo prosz\u0119, aby dzieci w tym tygodniu przygotowa\u0142y w domach pi\u0119kne palmy. Niedziela Palmowa rozpoczyna\u00a0\u00a0\u00a0\u00a0\u00a0\u00a0\u00a0\u00a0\u00a0\u00a0\u00a0 w Ko\u015bciele Wielki Tydzie\u0144.<\/p>\n<p>Zach\u0119cam do nabywania prasy katolickiej.<\/p>\n<p>B\u00f3g zap\u0142a\u0107 za sprz\u0105tanie ko\u015bcio\u0142a w tym tygodniu. Nast\u0119pne sprz\u0105tanie b\u0119dzie w sobot\u0119 o godz. 9:00. Sprz\u0105taj\u0105\u00a0 Panie: Maria Z\u0105bek Stanis\u0142awa Mrowiec Maria Jarz\u0119bek i Danuta Pastor.<\/p>\n<p>Mo\u017cna sk\u0142ada\u0107 ofiary na kwiaty do Grobu Pana Jezusa.<\/p>\n<p>&nbsp;<\/p>\n<p>W ostatnim tygodniu odszed\u0142 do wieczno\u015bci z naszej rodziny parafialnej \u015bp. Jan Matejczyk\u00a0 \u00a0 \u00a0 \u00a0 \u00a0 \u00a0 \u00a0 \u00a0 \u00a0 i Jadwiga Orwat wieczny odpoczynek racz im da\u0107 Panie\u2026\u2026\u2026<\/p>\n<p>Spotkanie z dzie\u0107mi z klasy III b\u0119dzie w pi\u0105tek o godz. 16<\/p>\n<p>&nbsp;<\/p>\n<p>Spotkanie z lektorami kantorkami i ministrantami b\u0119dzie w \u015brod\u0119 po mszy \u015bw. na zako\u0144czeniu rekolekcji o godz. 18:00. Obecno\u015b\u0107 absolutnie obowi\u0105zkowa.<\/p>\n<p>&nbsp;<\/p>\n<p>&nbsp;<\/p>\n<p>&nbsp;<\/p>\n","protected":false},"excerpt":{"rendered":"<p>Krzy\u017cowa 26.III. 2023r &nbsp; &nbsp; V NIEDZIELA WIELKIEGO POSTU \u00a0 Dzi\u015b w naszej parafii rozpoczynamy rekolekcje wielkopostne. Bardzo serdecznie witam ks. Piotra Kroczka kt\u00f3ry b\u0119dzie nam g\u0142osi\u0142 nauki rekolekcyjne. Niech Duch \u015bw. o\u015bwieca jego serce i umys\u0142 . Jeszcze dzisiaj Gorzkie \u017bale o 17:15\u00a0 a po Gorzkich \u017balach msza \u015bw. a nauk\u0105 og\u00f3ln\u0105 , a [&hellip;]<\/p>\n","protected":false},"author":0,"featured_media":0,"comment_status":"closed","ping_status":"closed","sticky":false,"template":"","format":"standard","meta":{"ngg_post_thumbnail":0,"footnotes":""},"categories":[3],"tags":[],"class_list":["post-3260","post","type-post","status-publish","format-standard","hentry","category-ogloszenia"],"aioseo_notices":[],"_links":{"self":[{"href":"https:\/\/parafiakrzyzowa.pl\/index.php?rest_route=\/wp\/v2\/posts\/3260","targetHints":{"allow":["GET"]}}],"collection":[{"href":"https:\/\/parafiakrzyzowa.pl\/index.php?rest_route=\/wp\/v2\/posts"}],"about":[{"href":"https:\/\/parafiakrzyzowa.pl\/index.php?rest_route=\/wp\/v2\/types\/post"}],"replies":[{"embeddable":true,"href":"https:\/\/parafiakrzyzowa.pl\/index.php?rest_route=%2Fwp%2Fv2%2Fcomments&post=3260"}],"version-history":[{"count":3,"href":"https:\/\/parafiakrzyzowa.pl\/index.php?rest_route=\/wp\/v2\/posts\/3260\/revisions"}],"predecessor-version":[{"id":3269,"href":"https:\/\/parafiakrzyzowa.pl\/index.php?rest_route=\/wp\/v2\/posts\/3260\/revisions\/3269"}],"wp:attachment":[{"href":"https:\/\/parafiakrzyzowa.pl\/index.php?rest_route=%2Fwp%2Fv2%2Fmedia&parent=3260"}],"wp:term":[{"taxonomy":"category","embeddable":true,"href":"https:\/\/parafiakrzyzowa.pl\/index.php?rest_route=%2Fwp%2Fv2%2Fcategories&post=3260"},{"taxonomy":"post_tag","embeddable":true,"href":"https:\/\/parafiakrzyzowa.pl\/index.php?rest_route=%2Fwp%2Fv2%2Ftags&post=3260"}],"curies":[{"name":"wp","href":"https:\/\/api.w.org\/{rel}","templated":true}]}}