{"id":3336,"date":"2023-04-29T10:30:12","date_gmt":"2023-04-29T10:30:12","guid":{"rendered":"https:\/\/parafiakrzyzowa.pl\/?p=3336"},"modified":"2023-04-29T10:30:18","modified_gmt":"2023-04-29T10:30:18","slug":"3336","status":"publish","type":"post","link":"https:\/\/parafiakrzyzowa.pl\/?p=3336","title":{"rendered":""},"content":{"rendered":"<p>Krzy\u017cowa 30.IV. 2023r<\/p>\n<p>&nbsp;<\/p>\n<p>&nbsp;<\/p>\n<p><strong><u>IV NIEDZIELA WIELKANOCNA<\/u><\/strong><\/p>\n<p><strong><u>\u00a0<\/u><\/strong><\/p>\n<p>Jutro rozpoczyna si\u0119 maj- miesi\u0105c Matki Naj\u015bwi\u0119tszej. Przez ca\u0142y maj msze \u015bw. b\u0119d\u0105 odprawiane\u00a0\u00a0\u00a0\u00a0 o godz. 18 a po mszy \u015bwi\u0119tej codziennie b\u0119dzie nabo\u017ce\u0144stwo majowe. W Krzy\u017c\u00f3wkach przy kaplicy codzienna maj\u00f3wka b\u0119dzie o godz. 17:00. Bardzo serdecznie zapraszam ca\u0142\u0105 parafi\u0119 na to pi\u0119kne nabo\u017ce\u0144stwo maryjne. Prosz\u0119 bardzo o odnowienie i przyozdobienie wszystkich kapliczek przy drogach lub te\u017c w waszych ogrodach.<\/p>\n<p>W niedziele i \u015bwi\u0119ta nabo\u017ce\u0144stwo majowe b\u0119dzie prze wieczorn\u0105 msz\u0105 \u015bw. o godz. 17:30.<\/p>\n<p>&nbsp;<\/p>\n<p>2 maja przypada \u015bwi\u0119to naszej flagi Bia\u0142o-czerwonej . Bardzo serdecznie prosz\u0119 aby\u015bcie na waszych domach wywiesili nasz\u0105 Bia\u0142o-czerwon\u0105, zw\u0142aszcza, \u017ce 3 maja przypada \u015bwi\u0119to narodowe i religijne Matki Bo\u017cej Kr\u00f3lowej Polski.<\/p>\n<p>Msze \u015bw. w naszym ko\u015bciele 3 maja w porz\u0105dku niedzielnym tzn. 8, 10 i 18 wieczorem. Msza \u015bw.\u00a0 \u00a0 \u00a0 \u00a0 \u00a0o godz. 8:00 b\u0119dzie w intencji wszystkich naszych stra\u017cak\u00f3w z okazji \u015bwi\u0119ta \u015bw. Floriana kt\u00f3re przypada 4 maja. Bardzo serdecznie zapraszam naszych druh\u00f3w stra\u017cak\u00f3w na wsp\u00f3ln\u0105 modlitw\u0119 wraz z rodzinami.<\/p>\n<p>&nbsp;<\/p>\n<p>W tym tygodniu przypada pierwszy czwartek pi\u0105tek i sobota miesi\u0105ca. Spowied\u017a \u015bw. b\u0119dzie we czwartek i pi\u0105tek od godz. 17 do 18.<\/p>\n<p>Wizyta u chorych i senior\u00f3w w pi\u0105tek od godz. 9:00<\/p>\n<p>&nbsp;<\/p>\n<p>Bardzo serdecznie prosz\u0119 o R\u00f3\u017caniec w \u015brod\u0119 o sprawiedliwy pok\u00f3j na Ukrainie , a w sobot\u0119\u00a0 \u00a0 \u00a0 \u00a0 \u00a0 \u00a0 \u00a0 \u00a0 \u00a0w intencji naszej parafii\u00a0 .<\/p>\n<p>&nbsp;<\/p>\n<p>W sobot\u0119 od godz. 10 do 11 spowied\u017a \u015bw. dzieci komunijnych i ich rodzin . A I Komunia \u015bw. w najbli\u017csz\u0105 niedziel\u0119 7 maja na mszy \u015bw. o godz.. 10. W tym roku przyst\u0119puje 9 dzieci do I Komunii \u015bw.\u00a0 3 dziewczynki i 6 ch\u0142opc\u00f3w. Bardzo serdecznie prosz\u0119 o modlitw\u0119 ca\u0142\u0105 parafie w ich intencji\u00a0 \u00a0 \u00a0 \u00a0 \u00a0 i w intencji ich rodzin.<\/p>\n<p>&nbsp;<\/p>\n<p>Zach\u0119cam do nabywania prasy katolickiej.<\/p>\n<p>&nbsp;<\/p>\n<p>Dzi\u0119kuj\u0119 za sprz\u0105tanie ko\u015bcio\u0142a w tym tygodniu. Nast\u0119pne sprz\u0105tanie b\u0119dzie w pi\u0105tek po wieczornej mszy \u015bw. Sprz\u0105taj\u0105 Panie: Stanis\u0142awa Pastor Maria Krzy\u017cowska Lucyna Kormaniak i Beata Kormaniak.<\/p>\n<p>Kalendarz liturgiczny<\/p>\n<p>Wtorek- wsp. \u015bw. Atanazego biskupa i doktora Ko\u015bcio\u0142a<\/p>\n<p>\u015aroda \u2013m uroczysto\u015b\u0107 NMPanny Kr\u00f3lowej Polski Czwartek \u2013 wsp. \u015bw. Floriana m\u0119czennika<\/p>\n<p>Sobota \u2013 \u015bwi\u0119to \u015bw. Aposto\u0142\u00f3w Filipa i Jakuba<\/p>\n<p>W ostatnim tygodniu odesz\u0142a z naszej rodziny parafialnej do Pana po wieczn\u0105\u00a0 nagrod\u0119\u00a0\u00a0\u00a0\u00a0\u00a0\u00a0\u00a0\u00a0\u00a0\u00a0\u00a0\u00a0\u00a0\u00a0\u00a0\u00a0\u00a0\u00a0\u00a0\u00a0\u00a0\u00a0\u00a0\u00a0 \u015bp. Genowefa Dendys\u00a0\u00a0\u00a0\u00a0\u00a0\u00a0 wieczny odpoczynek racz jej da\u0107 Panie\u2026\u2026.<\/p>\n","protected":false},"excerpt":{"rendered":"<p>Krzy\u017cowa 30.IV. 2023r &nbsp; &nbsp; IV NIEDZIELA WIELKANOCNA \u00a0 Jutro rozpoczyna si\u0119 maj- miesi\u0105c Matki Naj\u015bwi\u0119tszej. Przez ca\u0142y maj msze \u015bw. b\u0119d\u0105 odprawiane\u00a0\u00a0\u00a0\u00a0 o godz. 18 a po mszy \u015bwi\u0119tej codziennie b\u0119dzie nabo\u017ce\u0144stwo majowe. W Krzy\u017c\u00f3wkach przy kaplicy codzienna maj\u00f3wka b\u0119dzie o godz. 17:00. Bardzo serdecznie zapraszam ca\u0142\u0105 parafi\u0119 na to pi\u0119kne nabo\u017ce\u0144stwo maryjne. Prosz\u0119 [&hellip;]<\/p>\n","protected":false},"author":0,"featured_media":0,"comment_status":"closed","ping_status":"closed","sticky":false,"template":"","format":"standard","meta":{"ngg_post_thumbnail":0,"footnotes":""},"categories":[3],"tags":[],"class_list":["post-3336","post","type-post","status-publish","format-standard","hentry","category-ogloszenia"],"aioseo_notices":[],"_links":{"self":[{"href":"https:\/\/parafiakrzyzowa.pl\/index.php?rest_route=\/wp\/v2\/posts\/3336","targetHints":{"allow":["GET"]}}],"collection":[{"href":"https:\/\/parafiakrzyzowa.pl\/index.php?rest_route=\/wp\/v2\/posts"}],"about":[{"href":"https:\/\/parafiakrzyzowa.pl\/index.php?rest_route=\/wp\/v2\/types\/post"}],"replies":[{"embeddable":true,"href":"https:\/\/parafiakrzyzowa.pl\/index.php?rest_route=%2Fwp%2Fv2%2Fcomments&post=3336"}],"version-history":[{"count":1,"href":"https:\/\/parafiakrzyzowa.pl\/index.php?rest_route=\/wp\/v2\/posts\/3336\/revisions"}],"predecessor-version":[{"id":3337,"href":"https:\/\/parafiakrzyzowa.pl\/index.php?rest_route=\/wp\/v2\/posts\/3336\/revisions\/3337"}],"wp:attachment":[{"href":"https:\/\/parafiakrzyzowa.pl\/index.php?rest_route=%2Fwp%2Fv2%2Fmedia&parent=3336"}],"wp:term":[{"taxonomy":"category","embeddable":true,"href":"https:\/\/parafiakrzyzowa.pl\/index.php?rest_route=%2Fwp%2Fv2%2Fcategories&post=3336"},{"taxonomy":"post_tag","embeddable":true,"href":"https:\/\/parafiakrzyzowa.pl\/index.php?rest_route=%2Fwp%2Fv2%2Ftags&post=3336"}],"curies":[{"name":"wp","href":"https:\/\/api.w.org\/{rel}","templated":true}]}}