{"id":3343,"date":"2023-05-06T10:52:08","date_gmt":"2023-05-06T10:52:08","guid":{"rendered":"https:\/\/parafiakrzyzowa.pl\/?p=3343"},"modified":"2023-05-06T10:52:15","modified_gmt":"2023-05-06T10:52:15","slug":"3343","status":"publish","type":"post","link":"https:\/\/parafiakrzyzowa.pl\/?p=3343","title":{"rendered":""},"content":{"rendered":"<p>Krzy\u017cowa 7.V. 2023r<\/p>\n<p>&nbsp;<\/p>\n<p>&nbsp;<\/p>\n<p><strong><u>V NIEDZIELA WIELKANOCNA<\/u><\/strong><\/p>\n<p><strong><u>\u00a0<\/u><\/strong><\/p>\n<p>&nbsp;<\/p>\n<p>&nbsp;<\/p>\n<p>Dzi\u015b przypada I niedziela miesi\u0105ca. Po mszach \u015bw. o godz. 8 i 18 adoracja Pana Jezusa\u00a0 \u00a0 \u00a0 \u00a0 \u00a0 \u00a0 \u00a0 \u00a0 \u00a0 \u00a0 \u00a0 \u00a0 \u00a0 \u00a0 w Naj\u015bwi\u0119tszym Sakramencie<\/p>\n<p>&nbsp;<\/p>\n<p>W naszej parafii prze\u017cywamy na mszy \u015bw. o godz. 10 uroczysto\u015b\u0107 I Komunii \u015bw. dzieci\u00a0 z klasy III.<\/p>\n<p>&nbsp;<\/p>\n<p>Cala parafia raduje si\u0119 z tych dzieci i modli si\u0119\u00a0 \u017ceby by\u0142y wierne Chrystusowie przez ca\u0142e \u017cycie.<\/p>\n<p>Nabo\u017ce\u0144stwo majowe dla dzieci i ich rodzin b\u0119dzie o godz. 16:00 . Dzieci komunijne przynosz\u0105 na nabo\u017ce\u0144stwo \u015bwiece chrzcieln\u0105 modlitewnik i medaliki .<\/p>\n<p>&nbsp;<\/p>\n<p>Od jutra b\u0119dzie tzw. Bia\u0142y Tydzie\u0144\u00a0 czyli dzieci komunijne w strojach komunijnych b\u0119d\u0105 razem\u00a0 \u00a0 \u00a0 \u00a0 \u00a0z parafi\u0105 uczestniczy\u0107 w mszy \u015bw. i nabo\u017ce\u0144stwie majowym.<\/p>\n<p>&nbsp;<\/p>\n<p>Zapraszam bardzo serdecznie ca\u0142\u0105 parafi\u0119 na codzienn\u0105 msz\u0119 \u015bw. i nabo\u017ce\u0144stwo majowe o godz. 18:00.<\/p>\n<p>&nbsp;<\/p>\n<p>W najbli\u017csz\u0105 niedziel\u0119 na mszy \u015bw. o godz. 10 b\u0119dzie rocznica I Komunii \u015bw. dzieci z klasy IV.<\/p>\n<p>Spotkanie z dzie\u0107mi z klasy IV b\u0119dzie w poniedzia\u0142ek o godz. 16 a rodzicami tych dzieci r\u00f3wnie\u017c\u00a0 \u00a0 \u00a0 \u00a0w poniedzia\u0142ek po mszy \u015bw. wieczornej i nabo\u017ce\u0144stwie.<\/p>\n<p>&nbsp;<\/p>\n<p>Zach\u0119cam do nabywania prasy katolickiej.<\/p>\n<p>&nbsp;<\/p>\n<p>Dzi\u0119kuj\u0119 za ofiary na syryjsk\u0105 rodzin\u0119 z Aleppo.<\/p>\n<p>&nbsp;<\/p>\n<p>Sk\u0142adam serdeczne B\u00f3g zap\u0142a\u0107 rodzicom dzieci komunijnych z przygotowanie naszego ko\u015bcio\u0142a do dzisiejszej uroczysto\u015bci. I paniom z Krzy\u017c\u00f3wek za sprz\u0105tanie ko\u015bcio\u0142a w tym tygodniu. Nast\u0119pne sprz\u0105tanie b\u0119dzie w sobot\u0119 o godz. 9:00. Sprz\u0105taj\u0105 panie: Halina \u0141ysie\u0144 Marzena Juraszek Jadwiga Gaczorek i Bogus\u0142awa Sk\u00f3rzewska. Nie kupujemy kwiat\u00f3w.<\/p>\n<p>&nbsp;<\/p>\n<p>Kalendarz liturgiczny<\/p>\n<p>&nbsp;<\/p>\n<p>Poniedzia\u0142ek \u2013 uroczysto\u015b\u0107 \u015bw. Stanis\u0142awa biskupa i m\u0119czennika Patrona Polski<\/p>\n<p>&nbsp;<\/p>\n","protected":false},"excerpt":{"rendered":"<p>Krzy\u017cowa 7.V. 2023r &nbsp; &nbsp; V NIEDZIELA WIELKANOCNA \u00a0 &nbsp; &nbsp; Dzi\u015b przypada I niedziela miesi\u0105ca. Po mszach \u015bw. o godz. 8 i 18 adoracja Pana Jezusa\u00a0 \u00a0 \u00a0 \u00a0 \u00a0 \u00a0 \u00a0 \u00a0 \u00a0 \u00a0 \u00a0 \u00a0 \u00a0 \u00a0 w Naj\u015bwi\u0119tszym Sakramencie &nbsp; W naszej parafii prze\u017cywamy na mszy \u015bw. o godz. 10 uroczysto\u015b\u0107 [&hellip;]<\/p>\n","protected":false},"author":0,"featured_media":0,"comment_status":"closed","ping_status":"closed","sticky":false,"template":"","format":"standard","meta":{"ngg_post_thumbnail":0,"footnotes":""},"categories":[3],"tags":[],"class_list":["post-3343","post","type-post","status-publish","format-standard","hentry","category-ogloszenia"],"aioseo_notices":[],"_links":{"self":[{"href":"https:\/\/parafiakrzyzowa.pl\/index.php?rest_route=\/wp\/v2\/posts\/3343","targetHints":{"allow":["GET"]}}],"collection":[{"href":"https:\/\/parafiakrzyzowa.pl\/index.php?rest_route=\/wp\/v2\/posts"}],"about":[{"href":"https:\/\/parafiakrzyzowa.pl\/index.php?rest_route=\/wp\/v2\/types\/post"}],"replies":[{"embeddable":true,"href":"https:\/\/parafiakrzyzowa.pl\/index.php?rest_route=%2Fwp%2Fv2%2Fcomments&post=3343"}],"version-history":[{"count":1,"href":"https:\/\/parafiakrzyzowa.pl\/index.php?rest_route=\/wp\/v2\/posts\/3343\/revisions"}],"predecessor-version":[{"id":3344,"href":"https:\/\/parafiakrzyzowa.pl\/index.php?rest_route=\/wp\/v2\/posts\/3343\/revisions\/3344"}],"wp:attachment":[{"href":"https:\/\/parafiakrzyzowa.pl\/index.php?rest_route=%2Fwp%2Fv2%2Fmedia&parent=3343"}],"wp:term":[{"taxonomy":"category","embeddable":true,"href":"https:\/\/parafiakrzyzowa.pl\/index.php?rest_route=%2Fwp%2Fv2%2Fcategories&post=3343"},{"taxonomy":"post_tag","embeddable":true,"href":"https:\/\/parafiakrzyzowa.pl\/index.php?rest_route=%2Fwp%2Fv2%2Ftags&post=3343"}],"curies":[{"name":"wp","href":"https:\/\/api.w.org\/{rel}","templated":true}]}}