{"id":3369,"date":"2023-06-03T09:17:57","date_gmt":"2023-06-03T09:17:57","guid":{"rendered":"https:\/\/parafiakrzyzowa.pl\/?p=3369"},"modified":"2023-06-03T09:18:04","modified_gmt":"2023-06-03T09:18:04","slug":"3369","status":"publish","type":"post","link":"https:\/\/parafiakrzyzowa.pl\/?p=3369","title":{"rendered":""},"content":{"rendered":"<p>&nbsp;<\/p>\n<p><strong><u>INTENCJE\u00a0 MSZY \u015aWI\u0118TYCH<\/u><\/strong><\/p>\n<p><strong><u>\u00a0<\/u><\/strong><\/p>\n<p><strong><u>NIEDZIELA 4.VI. 2023r.<\/u><\/strong><\/p>\n<p><strong><u>\u00a0<\/u><\/strong><\/p>\n<p>Godz. 8:00 &#8211; ++ W\u0142adys\u0142aw Hernas w 46r.\u015bmiercisyn Tadeusz<\/p>\n<p>&nbsp;<\/p>\n<p>Godz. 10\u00a0\u00a0\u00a0 &#8211; \u00a0\u00a0\u00a0+ Kazimierz Strza\u0142ka w 10r. \u015bmierci<\/p>\n<p>&nbsp;<\/p>\n<p>Godz. 18\u00a0\u00a0\u00a0 &#8211; \u00a0\u00a0\u00a0+ J\u00f3zef Pastor<\/p>\n<p>&nbsp;<\/p>\n<p><strong><u>PONIEDZIA\u0141EK 5.VI. 2023r.<\/u><\/strong><\/p>\n<p>&nbsp;<\/p>\n<p>Godz. 18\u00a0\u00a0\u00a0 &#8211;\u00a0\u00a0\u00a0\u00a0 + Jan Matejczyk<\/p>\n<p><strong><u>\u00a0<\/u><\/strong><\/p>\n<p><strong><u>WTOREK 6.VI. 2023r<\/u><\/strong>.<\/p>\n<p>&nbsp;<\/p>\n<p>Godz. 7:00 &#8211;\u00a0 ++\u00a0 Renata Mutz m\u0105\u017c Eugeniusz syn Jacek<\/p>\n<p><strong><u>\u00a0<\/u><\/strong><\/p>\n<p><strong><u>\u015aRODA 7.VI. 2023r.<\/u><\/strong><\/p>\n<p>&nbsp;<\/p>\n<p>Godz. 18\u00a0\u00a0\u00a0\u00a0 &#8211;\u00a0\u00a0\u00a0 + Maria Majcherek<\/p>\n<p><u>\u00a0<\/u><\/p>\n<p><strong><u>CZWARTEK 8.VI. 2023r.- BO\u017bE CIA\u0141O<\/u><\/strong><\/p>\n<p>&nbsp;<\/p>\n<p>Godz. 8:00 &#8211;\u00a0\u00a0\u00a0\u00a0 + W\u0142adys\u0142aw Ryczek w 8r. \u015bmierci<\/p>\n<p>Godz. 10\u00a0 \u00a0\u00a0&#8211; \u00a0\u00a0\u00a0\u00a0O zdrowie i b\u0142. Bo\u017ce dla cz\u0142onki\u0144 R\u00f3\u017cy \u015bw. siostry Faustyny Kowalskiej<\/p>\n<p>Godz. 18\u00a0\u00a0\u00a0 &#8211;\u00a0\u00a0\u00a0\u00a0\u00a0\u00a0\u00a0\u00a0 W intencji Parafian<\/p>\n<p><strong><u>\u00a0<\/u><\/strong><\/p>\n<p><strong><u>PI\u0104TEK 9.VI. 2023r.<\/u><\/strong><\/p>\n<p>&nbsp;<\/p>\n<p>Godz. 18 \u00a0\u00a0\u00a0&#8211;\u00a0 \u00a0++ Stanis\u0142aw Kami\u0144ski i rodzice Anna i Franciszek<\/p>\n<p><strong><u>\u00a0<\/u><\/strong><\/p>\n<p><strong><u>SOBOTA 10.VI. 2023r.<\/u><\/strong><\/p>\n<p>Godz. 18 \u00a0\u00a0\u00a0\u00a0&#8211;\u00a0 \u00a0\u00a0\u00a0\u00a0\u00a0O b\u0142. Bo\u017ce dla parafian z G\u00f3rnej Krzy\u017cowej<\/p>\n<p>Krzy\u017c\u00f3wki \u00a0\u00a0&#8211; godz. 19\u00a0 &#8211; O b\u0142. Bo\u017ce dla parafian z Krzy\u017c\u00f3wek<\/p>\n<p><strong><u>NIEDZIELA 11.VI. 2023r<\/u><\/strong><strong><u>.<\/u><\/strong><\/p>\n<p>&nbsp;<\/p>\n<p>Godz. 8:00 &#8211;\u00a0 ++ Wojciech i Karolina Majcherek i syn J\u00f3zef<\/p>\n<p>&nbsp;<\/p>\n<p>Godz. 10\u00a0\u00a0\u00a0 &#8211;\u00a0 \u00a0\u00a0\u00a0+\u00a0 Franciszek Cudzich w 11r. \u015bmierci<\/p>\n<p>&nbsp;<\/p>\n<p>Godz. 18\u00a0\u00a0\u00a0 &#8211;\u00a0\u00a0\u00a0\u00a0 + J\u00f3zef\u00a0 Czul w 19r. \u015bmierci \u017cona Maria<\/p>\n<p>&nbsp;<\/p>\n<p>&nbsp;<\/p>\n<p>&nbsp;<\/p>\n","protected":false},"excerpt":{"rendered":"<p>&nbsp; INTENCJE\u00a0 MSZY \u015aWI\u0118TYCH \u00a0 NIEDZIELA 4.VI. 2023r. \u00a0 Godz. 8:00 &#8211; ++ W\u0142adys\u0142aw Hernas w 46r.\u015bmiercisyn Tadeusz &nbsp; Godz. 10\u00a0\u00a0\u00a0 &#8211; \u00a0\u00a0\u00a0+ Kazimierz Strza\u0142ka w 10r. \u015bmierci &nbsp; Godz. 18\u00a0\u00a0\u00a0 &#8211; \u00a0\u00a0\u00a0+ J\u00f3zef Pastor &nbsp; PONIEDZIA\u0141EK 5.VI. 2023r. &nbsp; Godz. 18\u00a0\u00a0\u00a0 &#8211;\u00a0\u00a0\u00a0\u00a0 + Jan Matejczyk \u00a0 WTOREK 6.VI. 2023r. &nbsp; Godz. 7:00 &#8211;\u00a0 ++\u00a0 [&hellip;]<\/p>\n","protected":false},"author":0,"featured_media":0,"comment_status":"closed","ping_status":"closed","sticky":false,"template":"","format":"standard","meta":{"ngg_post_thumbnail":0,"footnotes":""},"categories":[7],"tags":[],"class_list":["post-3369","post","type-post","status-publish","format-standard","hentry","category-intencje"],"aioseo_notices":[],"_links":{"self":[{"href":"https:\/\/parafiakrzyzowa.pl\/index.php?rest_route=\/wp\/v2\/posts\/3369","targetHints":{"allow":["GET"]}}],"collection":[{"href":"https:\/\/parafiakrzyzowa.pl\/index.php?rest_route=\/wp\/v2\/posts"}],"about":[{"href":"https:\/\/parafiakrzyzowa.pl\/index.php?rest_route=\/wp\/v2\/types\/post"}],"replies":[{"embeddable":true,"href":"https:\/\/parafiakrzyzowa.pl\/index.php?rest_route=%2Fwp%2Fv2%2Fcomments&post=3369"}],"version-history":[{"count":1,"href":"https:\/\/parafiakrzyzowa.pl\/index.php?rest_route=\/wp\/v2\/posts\/3369\/revisions"}],"predecessor-version":[{"id":3370,"href":"https:\/\/parafiakrzyzowa.pl\/index.php?rest_route=\/wp\/v2\/posts\/3369\/revisions\/3370"}],"wp:attachment":[{"href":"https:\/\/parafiakrzyzowa.pl\/index.php?rest_route=%2Fwp%2Fv2%2Fmedia&parent=3369"}],"wp:term":[{"taxonomy":"category","embeddable":true,"href":"https:\/\/parafiakrzyzowa.pl\/index.php?rest_route=%2Fwp%2Fv2%2Fcategories&post=3369"},{"taxonomy":"post_tag","embeddable":true,"href":"https:\/\/parafiakrzyzowa.pl\/index.php?rest_route=%2Fwp%2Fv2%2Ftags&post=3369"}],"curies":[{"name":"wp","href":"https:\/\/api.w.org\/{rel}","templated":true}]}}