{"id":3385,"date":"2023-06-17T05:25:52","date_gmt":"2023-06-17T05:25:52","guid":{"rendered":"https:\/\/parafiakrzyzowa.pl\/?p=3385"},"modified":"2023-06-17T05:26:00","modified_gmt":"2023-06-17T05:26:00","slug":"3385","status":"publish","type":"post","link":"https:\/\/parafiakrzyzowa.pl\/?p=3385","title":{"rendered":""},"content":{"rendered":"<p>Krzy\u017cowa 18 .VI. 2023r<\/p>\n<p>&nbsp;<\/p>\n<p>&nbsp;<\/p>\n<p>&nbsp;<\/p>\n<p>&nbsp;<\/p>\n<p><strong><u>XI \u00a0NIEDZIELA \u00a0ZWYK\u0141A<\/u><\/strong><\/p>\n<p>&nbsp;<\/p>\n<p>W naszej rodzinie parafialnej prze\u017cywamy uroczysto\u015b\u0107 odpustow\u0105 ku cci Niepokalanego Serca\u00a0 \u00a0 \u00a0 NM Panny . O opiek\u0119\u00a0 Matki Naj\u015bwi\u0119tszej prosimy\u00a0 nad ca\u0142y nasz\u0105 Ojczyzn\u0105\u00a0 nasz\u0105 parafi\u0105\u00a0 nad ka\u017cd\u0105 rodzin\u0105 nad naszymi dzie\u0107mi \u00a0i m\u0142odzie\u017c\u0105\u00a0 nad seniorami i chorymi naszej parafii.<\/p>\n<p>Bardzo serdecznie dzi\u0119kuj\u0119 ks. Piotrowi Kroczkowi za kazanie i celebrowanie sumy odpustowej. B\u00f3g zap\u0142a\u0107 wszystkim ksi\u0119\u017com naszego dekanatu z ks. Dziekanem za modlitewn\u0105 obecno\u015b\u0107\u00a0 w naszej wsp\u00f3lnocie na tej mszy \u015bw.<\/p>\n<p>Dzi\u0119kuj\u0119 za u\u015bwietnienie tej uroczystej mszy \u015bw. stra\u017cakom , Ko\u0142om Gospody\u0144 Wiejskich , m\u0142odzie\u017cy naszej szko\u0142y wszystkim wsp\u00f3lnotom naszej parafii, dzieciom komunijnym\u00a0\u00a0\u00a0\u00a0\u00a0\u00a0\u00a0\u00a0\u00a0\u00a0\u00a0\u00a0\u00a0\u00a0\u00a0\u00a0\u00a0\u00a0\u00a0\u00a0\u00a0\u00a0\u00a0\u00a0\u00a0\u00a0 \u00a0i dziewczynkom sypi\u0105cym kwiaty .<\/p>\n<p>&nbsp;<\/p>\n<p>Zapraszam na codzienn\u0105 msz\u0119 \u015bw. do naszego ko\u015bcio\u0142a. Jak zwykle przed Nowenn\u0105 do Matki Bo\u017cej Nieustaj\u0105cej Pomocy b\u0119dzie r\u00f3\u017caniec o sprawiedliwy pok\u00f3j na Ukrainie.<\/p>\n<p>&nbsp;<\/p>\n<p>Msze \u015bw. we wtorki i czwartki b\u0119d\u0105 odprawiane o godz. 7:00 rano.<\/p>\n<p>&nbsp;<\/p>\n<p>Zach\u0119cam do nabywania prasy katolickiej.<\/p>\n<p>&nbsp;<\/p>\n<p>Dzi\u0119kuj\u0119 za sprz\u0105tanie ko\u015bcio\u0142a w tym tygodniu. Nast\u0119pne sprz\u0105tanie b\u0119dzie w sobot\u0119 o godz. 9:00. Sprz\u0105taj\u0105 Panie: Katarzyna Barcik Katarzyna Fojtach W\u0142adys\u0142awa G\u00f3ra i El\u017cbieta G\u00f3ra.<\/p>\n<p>&nbsp;<\/p>\n<p>W poniedzia\u0142ek po wieczornej mszy \u015bw. spotkanie z dziewczynkami kt\u00f3re wyje\u017cd\u017caj\u0105 z ks. Piotrem\u00a0 z Jele\u015bni na wakacyjn\u0105 oaz\u0119 nad morze.<\/p>\n<p>&nbsp;<\/p>\n<p>W pi\u0105tek o godz. 8:00 msza \u015bw.\u00a0 na zako\u0144czenie roku szkolnego . Bardzo serdecznie zapraszam wszystkich uczni\u00f3w szk\u00f3\u0142 na terenie naszej parafii nauczycieli pracownik\u00f3w szk\u00f3\u0142 oraz rodzic\u00f3w.<\/p>\n<p>Rada Duszpasterska zebra\u0142a w ostatni\u0105 niedziel\u0119 na prace przy cmentarzu \u2026\u2026\u2026\u2026 PLN. B\u00f3g zap\u0142a\u0107 ca\u0142ej parafii za ofiarno\u015b\u0107.<\/p>\n<p>&nbsp;<\/p>\n<p>Kalendarz liturgiczny<\/p>\n<p>&nbsp;<\/p>\n<p>\u015aroda \u2013 wsp. \u015bw. Alojzego Gonzagi zakonnika<\/p>\n<p>Sobota \u2013 uroczysto\u015b\u0107 Narodzenia \u015bw. Jana Chrzciciela<\/p>\n<p>&nbsp;<\/p>\n<p>W ostatnim tygodniu odszed\u0142 do wieczno\u015bci z naszej wsp\u00f3lnoty \u015bp. Jan Wyr\u00f3d\u00a0 wieczny odpoczynek racz mu da\u0107 Panie\u2026\u2026.<\/p>\n<p>&nbsp;<\/p>\n<p>&nbsp;<\/p>\n","protected":false},"excerpt":{"rendered":"<p>Krzy\u017cowa 18 .VI. 2023r &nbsp; &nbsp; &nbsp; &nbsp; XI \u00a0NIEDZIELA \u00a0ZWYK\u0141A &nbsp; W naszej rodzinie parafialnej prze\u017cywamy uroczysto\u015b\u0107 odpustow\u0105 ku cci Niepokalanego Serca\u00a0 \u00a0 \u00a0 NM Panny . O opiek\u0119\u00a0 Matki Naj\u015bwi\u0119tszej prosimy\u00a0 nad ca\u0142y nasz\u0105 Ojczyzn\u0105\u00a0 nasz\u0105 parafi\u0105\u00a0 nad ka\u017cd\u0105 rodzin\u0105 nad naszymi dzie\u0107mi \u00a0i m\u0142odzie\u017c\u0105\u00a0 nad seniorami i chorymi naszej parafii. Bardzo serdecznie [&hellip;]<\/p>\n","protected":false},"author":0,"featured_media":0,"comment_status":"closed","ping_status":"closed","sticky":false,"template":"","format":"standard","meta":{"ngg_post_thumbnail":0,"footnotes":""},"categories":[3],"tags":[],"class_list":["post-3385","post","type-post","status-publish","format-standard","hentry","category-ogloszenia"],"aioseo_notices":[],"_links":{"self":[{"href":"https:\/\/parafiakrzyzowa.pl\/index.php?rest_route=\/wp\/v2\/posts\/3385","targetHints":{"allow":["GET"]}}],"collection":[{"href":"https:\/\/parafiakrzyzowa.pl\/index.php?rest_route=\/wp\/v2\/posts"}],"about":[{"href":"https:\/\/parafiakrzyzowa.pl\/index.php?rest_route=\/wp\/v2\/types\/post"}],"replies":[{"embeddable":true,"href":"https:\/\/parafiakrzyzowa.pl\/index.php?rest_route=%2Fwp%2Fv2%2Fcomments&post=3385"}],"version-history":[{"count":1,"href":"https:\/\/parafiakrzyzowa.pl\/index.php?rest_route=\/wp\/v2\/posts\/3385\/revisions"}],"predecessor-version":[{"id":3386,"href":"https:\/\/parafiakrzyzowa.pl\/index.php?rest_route=\/wp\/v2\/posts\/3385\/revisions\/3386"}],"wp:attachment":[{"href":"https:\/\/parafiakrzyzowa.pl\/index.php?rest_route=%2Fwp%2Fv2%2Fmedia&parent=3385"}],"wp:term":[{"taxonomy":"category","embeddable":true,"href":"https:\/\/parafiakrzyzowa.pl\/index.php?rest_route=%2Fwp%2Fv2%2Fcategories&post=3385"},{"taxonomy":"post_tag","embeddable":true,"href":"https:\/\/parafiakrzyzowa.pl\/index.php?rest_route=%2Fwp%2Fv2%2Ftags&post=3385"}],"curies":[{"name":"wp","href":"https:\/\/api.w.org\/{rel}","templated":true}]}}