{"id":3405,"date":"2023-07-07T19:36:02","date_gmt":"2023-07-07T19:36:02","guid":{"rendered":"https:\/\/parafiakrzyzowa.pl\/?p=3405"},"modified":"2023-07-07T19:36:08","modified_gmt":"2023-07-07T19:36:08","slug":"3405","status":"publish","type":"post","link":"https:\/\/parafiakrzyzowa.pl\/?p=3405","title":{"rendered":""},"content":{"rendered":"<p><strong><u>INTENCJE\u00a0 MSZY \u015aWI\u0118TYCH<\/u><\/strong><\/p>\n<p><strong><u>\u00a0<\/u><\/strong><\/p>\n<p><strong><u>NIEDZIELA 9.VII. 2023r.<\/u><\/strong><\/p>\n<p><strong><u>\u00a0<\/u><\/strong><\/p>\n<p>Godz. 8:00 &#8211;\u00a0\u00a0 ++ Wojciech i Karolina Pastorowie<\/p>\n<p>&nbsp;<\/p>\n<p>Godz. 10\u00a0\u00a0\u00a0 &#8211; \u00a0\u00a0\u00a0\u00a0\u00a0\u00a0\u00a0\u00a0\u00a0O zdrowie i b\u0142. Bo\u017ce dla Joasi Wrony w 1r. urodzin i jej rodzic\u00f3w<\/p>\n<p>&nbsp;<\/p>\n<p>Godz. 18\u00a0\u00a0\u00a0 &#8211;\u00a0\u00a0\u00a0\u00a0\u00a0 + Juliusz Mylak<\/p>\n<p>&nbsp;<\/p>\n<p><strong><u>PONIEDZIA\u0141EK 10.VII. 2023r.<\/u><\/strong><\/p>\n<p>&nbsp;<\/p>\n<p>Godz. 18\u00a0\u00a0\u00a0 &#8211;\u00a0\u00a0\u00a0\u00a0\u00a0\u00a0 + Czes\u0142aw Z\u0105bek<\/p>\n<p><strong><u>\u00a0<\/u><\/strong><\/p>\n<p><strong><u>WTOREK 11.VII. 2023r<\/u><\/strong>.<\/p>\n<p>&nbsp;<\/p>\n<p>Godz.\u00a0 7:00\u00a0\u00a0 &#8211;\u00a0\u00a0\u00a0\u00a0 + Robert Spyrka<\/p>\n<p><strong><u>\u00a0<\/u><\/strong><\/p>\n<p><strong><u>\u015aRODA 12.VII. 2023r.<\/u><\/strong><\/p>\n<p>&nbsp;<\/p>\n<p>Godz. 18\u00a0\u00a0\u00a0\u00a0 &#8211;\u00a0 \u00a0\u00a0\u00a0\u00a0\u00a0+ Czes\u0142aw Cudzich<\/p>\n<p><u>\u00a0<\/u><\/p>\n<p><strong><u>CZWARTEK 13.VII. 2023r. <\/u><\/strong><\/p>\n<p>&nbsp;<\/p>\n<p>Godz. 7:00\u00a0\u00a0\u00a0 &#8211; \u00a0\u00a0\u00a0\u00a0+ Emilia G\u00f3ra<\/p>\n<p>&nbsp;<\/p>\n<p><strong><u>PI\u0104TEK 14.VII. 2023r.<\/u><\/strong><\/p>\n<p>&nbsp;<\/p>\n<p>Godz. 8:00 \u00a0\u00a0\u00a0&#8211;\u00a0 \u00a0\u00a0\u00a0\u00a0\u00a0\u00a0W intencji Parafii<\/p>\n<p><strong><u>\u00a0<\/u><\/strong><\/p>\n<p><strong><u>SOBOTA 15.VII. 2023r.<\/u><\/strong><\/p>\n<p>&nbsp;<\/p>\n<p>Godz. 18 \u00a0\u00a0\u00a0\u00a0&#8211;\u00a0 \u00a0++ Maria J\u0119drzejas m\u0105\u017c Stanis\u0142aw<\/p>\n<p>&nbsp;<\/p>\n<p>Krzy\u017c\u00f3wki \u00a0\u00a0&#8211; godz. 19\u00a0 &#8211; ++ Franciszka Cwajna m\u0105\u017c Franciszek<\/p>\n<p><strong><u>NIEDZIELA 16. VII. 2023r<\/u><\/strong><strong><u>.<\/u><\/strong><\/p>\n<p>&nbsp;<\/p>\n<p>Godz. 8:00\u00a0 \u00a0&#8211;\u00a0 ++ Jan i Antonina Bia\u0142oniowie<\/p>\n<p>&nbsp;<\/p>\n<p>Godz. 10:00 &#8211;\u00a0 \u00a0\u00a0+ Jan S\u0142owiaczek w 1r. \u015bmierci<\/p>\n<p>&nbsp;<\/p>\n<p>Godz. 18\u00a0\u00a0 \u00a0\u00a0\u00a0&#8211;\u00a0 \u00a0\u00a0+ Jan P\u0142aza w 7r. \u015bmierci<\/p>\n<p>&nbsp;<\/p>\n<p>&nbsp;<\/p>\n<p>&nbsp;<\/p>\n","protected":false},"excerpt":{"rendered":"<p>INTENCJE\u00a0 MSZY \u015aWI\u0118TYCH \u00a0 NIEDZIELA 9.VII. 2023r. \u00a0 Godz. 8:00 &#8211;\u00a0\u00a0 ++ Wojciech i Karolina Pastorowie &nbsp; Godz. 10\u00a0\u00a0\u00a0 &#8211; \u00a0\u00a0\u00a0\u00a0\u00a0\u00a0\u00a0\u00a0\u00a0O zdrowie i b\u0142. Bo\u017ce dla Joasi Wrony w 1r. urodzin i jej rodzic\u00f3w &nbsp; Godz. 18\u00a0\u00a0\u00a0 &#8211;\u00a0\u00a0\u00a0\u00a0\u00a0 + Juliusz Mylak &nbsp; PONIEDZIA\u0141EK 10.VII. 2023r. &nbsp; Godz. 18\u00a0\u00a0\u00a0 &#8211;\u00a0\u00a0\u00a0\u00a0\u00a0\u00a0 + Czes\u0142aw Z\u0105bek \u00a0 WTOREK 11.VII. [&hellip;]<\/p>\n","protected":false},"author":0,"featured_media":0,"comment_status":"closed","ping_status":"closed","sticky":false,"template":"","format":"standard","meta":{"ngg_post_thumbnail":0,"footnotes":""},"categories":[7],"tags":[],"class_list":["post-3405","post","type-post","status-publish","format-standard","hentry","category-intencje"],"aioseo_notices":[],"_links":{"self":[{"href":"https:\/\/parafiakrzyzowa.pl\/index.php?rest_route=\/wp\/v2\/posts\/3405","targetHints":{"allow":["GET"]}}],"collection":[{"href":"https:\/\/parafiakrzyzowa.pl\/index.php?rest_route=\/wp\/v2\/posts"}],"about":[{"href":"https:\/\/parafiakrzyzowa.pl\/index.php?rest_route=\/wp\/v2\/types\/post"}],"replies":[{"embeddable":true,"href":"https:\/\/parafiakrzyzowa.pl\/index.php?rest_route=%2Fwp%2Fv2%2Fcomments&post=3405"}],"version-history":[{"count":1,"href":"https:\/\/parafiakrzyzowa.pl\/index.php?rest_route=\/wp\/v2\/posts\/3405\/revisions"}],"predecessor-version":[{"id":3406,"href":"https:\/\/parafiakrzyzowa.pl\/index.php?rest_route=\/wp\/v2\/posts\/3405\/revisions\/3406"}],"wp:attachment":[{"href":"https:\/\/parafiakrzyzowa.pl\/index.php?rest_route=%2Fwp%2Fv2%2Fmedia&parent=3405"}],"wp:term":[{"taxonomy":"category","embeddable":true,"href":"https:\/\/parafiakrzyzowa.pl\/index.php?rest_route=%2Fwp%2Fv2%2Fcategories&post=3405"},{"taxonomy":"post_tag","embeddable":true,"href":"https:\/\/parafiakrzyzowa.pl\/index.php?rest_route=%2Fwp%2Fv2%2Ftags&post=3405"}],"curies":[{"name":"wp","href":"https:\/\/api.w.org\/{rel}","templated":true}]}}