{"id":3411,"date":"2023-07-14T14:31:05","date_gmt":"2023-07-14T14:31:05","guid":{"rendered":"https:\/\/parafiakrzyzowa.pl\/?p=3411"},"modified":"2023-07-14T14:31:12","modified_gmt":"2023-07-14T14:31:12","slug":"3411","status":"publish","type":"post","link":"https:\/\/parafiakrzyzowa.pl\/?p=3411","title":{"rendered":""},"content":{"rendered":"<p>&nbsp;<\/p>\n<p><strong><u>XV \u00a0NIEDZIELA \u00a0ZWYK\u0141A<\/u><\/strong><\/p>\n<p><strong><u>\u00a0<\/u><\/strong><\/p>\n<p><strong><u>\u00a0<\/u><\/strong><\/p>\n<p>Witam bardzo serdecznie wszystkich wypoczywaj\u0105cych na terenie naszej parafii , a naszym parafianom kt\u00f3rzy wyje\u017cd\u017caj\u0105 na urlopy i wakacje \u017cycz\u0119 du\u017co s\u0142o\u0144ca i tw\u00f3rczego wypoczynku.<\/p>\n<p>&nbsp;<\/p>\n<p>Bardzo serdecznie zapraszam na codzienn\u0105 msz\u0119 \u015bw. do naszego ko\u015bcio\u0142a . W \u015brod\u0119 Nowenna do Matki Bo\u017cej Nieustaj\u0105cej Pomocy. Przed Nowenn\u0105 R\u00f3\u017caniec o sprawiedliwy pok\u00f3j na Ukrainie.<\/p>\n<p>&nbsp;<\/p>\n<p>Bardzo serdecznie dzi\u0119kuj\u0119 wszystkim \u017bywym R\u00f3\u017co naszej parafii i s\u0142u\u017cbie Liturgicznej O\u0142tarza za prowadzenie\u00a0 wieczystej adoracji w ostatni pi\u0105tek.<\/p>\n<p>&nbsp;<\/p>\n<p>W najbli\u017cszy pi\u0105tek oddajemy cze\u015b\u0107 Bo\u017cemu Mi\u0142osierdziu. Po mszy \u015bw. odm\u00f3wimy koronk\u0119 do Bo\u017cego Mi\u0142osierdzia.<\/p>\n<p>&nbsp;<\/p>\n<p>Zach\u0119cam do nabywania prasy katolickiej.<\/p>\n<p>&nbsp;<\/p>\n<p>B\u00f3g zap\u0142a\u0107 za ofiary na opa\u0142 na zim\u0119 i za ofiary na syryjsk\u0105 rodzin\u0119 z Aleppo.<\/p>\n<p>&nbsp;<\/p>\n<p>Dzi\u0119kuj\u0119 za sprz\u0105tanie ko\u015bcio\u0142a w tym tygodniu. Nast\u0119pne sprz\u0105tanie b\u0119dzie w pi\u0105tek po wieczornej mszy \u015bwi\u0119tej. Sprz\u0105taj\u0105 Panie: Agnieszka Hernas Anna Michalec Beata Majcherek i Ewa Kaszlej. Nie kupujemy kwiat\u00f3w.<\/p>\n<p>&nbsp;<\/p>\n<p>&nbsp;<\/p>\n<p>Kalendarz liturgiczny<\/p>\n<p>&nbsp;<\/p>\n<p>Sobota \u2013 \u015bwi\u0119to \u015bw. Marii Magdaleny<\/p>\n<p>&nbsp;<\/p>\n<p>&nbsp;<\/p>\n","protected":false},"excerpt":{"rendered":"<p>&nbsp; XV \u00a0NIEDZIELA \u00a0ZWYK\u0141A \u00a0 \u00a0 Witam bardzo serdecznie wszystkich wypoczywaj\u0105cych na terenie naszej parafii , a naszym parafianom kt\u00f3rzy wyje\u017cd\u017caj\u0105 na urlopy i wakacje \u017cycz\u0119 du\u017co s\u0142o\u0144ca i tw\u00f3rczego wypoczynku. &nbsp; Bardzo serdecznie zapraszam na codzienn\u0105 msz\u0119 \u015bw. do naszego ko\u015bcio\u0142a . W \u015brod\u0119 Nowenna do Matki Bo\u017cej Nieustaj\u0105cej Pomocy. Przed Nowenn\u0105 R\u00f3\u017caniec o [&hellip;]<\/p>\n","protected":false},"author":0,"featured_media":0,"comment_status":"closed","ping_status":"closed","sticky":false,"template":"","format":"standard","meta":{"ngg_post_thumbnail":0,"footnotes":""},"categories":[3],"tags":[],"class_list":["post-3411","post","type-post","status-publish","format-standard","hentry","category-ogloszenia"],"aioseo_notices":[],"_links":{"self":[{"href":"https:\/\/parafiakrzyzowa.pl\/index.php?rest_route=\/wp\/v2\/posts\/3411","targetHints":{"allow":["GET"]}}],"collection":[{"href":"https:\/\/parafiakrzyzowa.pl\/index.php?rest_route=\/wp\/v2\/posts"}],"about":[{"href":"https:\/\/parafiakrzyzowa.pl\/index.php?rest_route=\/wp\/v2\/types\/post"}],"replies":[{"embeddable":true,"href":"https:\/\/parafiakrzyzowa.pl\/index.php?rest_route=%2Fwp%2Fv2%2Fcomments&post=3411"}],"version-history":[{"count":1,"href":"https:\/\/parafiakrzyzowa.pl\/index.php?rest_route=\/wp\/v2\/posts\/3411\/revisions"}],"predecessor-version":[{"id":3412,"href":"https:\/\/parafiakrzyzowa.pl\/index.php?rest_route=\/wp\/v2\/posts\/3411\/revisions\/3412"}],"wp:attachment":[{"href":"https:\/\/parafiakrzyzowa.pl\/index.php?rest_route=%2Fwp%2Fv2%2Fmedia&parent=3411"}],"wp:term":[{"taxonomy":"category","embeddable":true,"href":"https:\/\/parafiakrzyzowa.pl\/index.php?rest_route=%2Fwp%2Fv2%2Fcategories&post=3411"},{"taxonomy":"post_tag","embeddable":true,"href":"https:\/\/parafiakrzyzowa.pl\/index.php?rest_route=%2Fwp%2Fv2%2Ftags&post=3411"}],"curies":[{"name":"wp","href":"https:\/\/api.w.org\/{rel}","templated":true}]}}