{"id":3418,"date":"2023-07-22T10:26:33","date_gmt":"2023-07-22T10:26:33","guid":{"rendered":"https:\/\/parafiakrzyzowa.pl\/?p=3418"},"modified":"2023-07-22T10:26:39","modified_gmt":"2023-07-22T10:26:39","slug":"3418","status":"publish","type":"post","link":"https:\/\/parafiakrzyzowa.pl\/?p=3418","title":{"rendered":""},"content":{"rendered":"<p>Krzy\u017cowa 23 .VII. 2023r<\/p>\n<p>&nbsp;<\/p>\n<p>&nbsp;<\/p>\n<p>&nbsp;<\/p>\n<p><strong><u>XVI \u00a0NIEDZIELA \u00a0ZWYK\u0141A<\/u><\/strong><\/p>\n<p><strong><u>\u00a0<\/u><\/strong><\/p>\n<p><strong><u>\u00a0<\/u><\/strong>Witam bardzo serdecznie wszystkich wypoczywaj\u0105cych na terenie naszej parafii , a naszym parafianom kt\u00f3rzy wyje\u017cd\u017caj\u0105 na urlopy i wakacje \u017cycz\u0119 du\u017co s\u0142o\u0144ca i tw\u00f3rczego wypoczynku.<\/p>\n<p>&nbsp;<\/p>\n<p>Bardzo serdecznie zapraszam na codzienn\u0105 msz\u0119 \u015bw. do naszego ko\u015bcio\u0142a . W \u015brod\u0119 Nowenna do Matki Bo\u017cej Nieustaj\u0105cej Pomocy. Przed Nowenn\u0105 R\u00f3\u017caniec o sprawiedliwy pok\u00f3j na Ukrainie.<\/p>\n<p>&nbsp;<\/p>\n<p>Dzi\u015b po ka\u017cdej mszy \u015bwi\u0119tej b\u0142ogos\u0142awie\u0144stwo kierowc\u00f3w i po\u015bwi\u0119cenie pojazd\u00f3w z okazji \u015bwi\u0119ta \u015bw. Krzysztofa patrona podr\u00f3\u017cuj\u0105cych kt\u00f3re przypada we wtorek 25 lipca.<\/p>\n<p>&nbsp;<\/p>\n<p>Bardzo dzi\u0119kuj\u0119 stra\u017cakom z Krzy\u017cowej za pi\u0119kne utrzymanie trawnik\u00f3w wok\u00f3\u0142 ko\u015bcio\u0142a i plebanii.<\/p>\n<p>&nbsp;<\/p>\n<p>Zako\u0144czy\u0142y si\u0119 prace ziemne przy cmentarzu niebawem rozpoczn\u0105 si\u0119 prace przy grodzeniu nowej cz\u0119\u015bci cmentarza.<\/p>\n<p>&nbsp;<\/p>\n<p>Zach\u0119cam do nabywania prasy katolickiej.<\/p>\n<p>&nbsp;<\/p>\n<p>B\u00f3g zap\u0142a\u0107 za sprz\u0105tanie ko\u015bcio\u0142a w tym tygodniu. Nast\u0119pne sprz\u0105tanie ko\u015bcio\u0142a w pi\u0105tek po wieczornej mszy \u015bw. Sprz\u0105taj\u0105 panie: Anna Michalec Danuta Filip Maria Pastor i Bo\u017cena Mylak.<\/p>\n<p>Nie kupujemy kwiat\u00f3w.<\/p>\n<p>&nbsp;<\/p>\n<p>&nbsp;<\/p>\n<p>Kalendarz liturgiczny<\/p>\n<p>&nbsp;<\/p>\n<p>Poniedzia\u0142ek \u2013 wsp. \u015bw.Kingi dziewicy<\/p>\n<p>Wtorek\u00a0 &#8211; \u015bwi\u0119to \u015bw. Jakuba Apostola i \u015bw. Krzysztofa<\/p>\n<p>\u015aroda \u2013 wsp \u015bw. Joachima i Anny rodzic\u00f3w NM Panny<\/p>\n<p>Sobota \u2013 wsp. \u015bw. Marty Marii i \u0141azarza.<\/p>\n","protected":false},"excerpt":{"rendered":"<p>Krzy\u017cowa 23 .VII. 2023r &nbsp; &nbsp; &nbsp; XVI \u00a0NIEDZIELA \u00a0ZWYK\u0141A \u00a0 \u00a0Witam bardzo serdecznie wszystkich wypoczywaj\u0105cych na terenie naszej parafii , a naszym parafianom kt\u00f3rzy wyje\u017cd\u017caj\u0105 na urlopy i wakacje \u017cycz\u0119 du\u017co s\u0142o\u0144ca i tw\u00f3rczego wypoczynku. &nbsp; Bardzo serdecznie zapraszam na codzienn\u0105 msz\u0119 \u015bw. do naszego ko\u015bcio\u0142a . W \u015brod\u0119 Nowenna do Matki Bo\u017cej Nieustaj\u0105cej [&hellip;]<\/p>\n","protected":false},"author":0,"featured_media":0,"comment_status":"closed","ping_status":"closed","sticky":false,"template":"","format":"standard","meta":{"ngg_post_thumbnail":0,"footnotes":""},"categories":[3],"tags":[],"class_list":["post-3418","post","type-post","status-publish","format-standard","hentry","category-ogloszenia"],"aioseo_notices":[],"_links":{"self":[{"href":"https:\/\/parafiakrzyzowa.pl\/index.php?rest_route=\/wp\/v2\/posts\/3418","targetHints":{"allow":["GET"]}}],"collection":[{"href":"https:\/\/parafiakrzyzowa.pl\/index.php?rest_route=\/wp\/v2\/posts"}],"about":[{"href":"https:\/\/parafiakrzyzowa.pl\/index.php?rest_route=\/wp\/v2\/types\/post"}],"replies":[{"embeddable":true,"href":"https:\/\/parafiakrzyzowa.pl\/index.php?rest_route=%2Fwp%2Fv2%2Fcomments&post=3418"}],"version-history":[{"count":1,"href":"https:\/\/parafiakrzyzowa.pl\/index.php?rest_route=\/wp\/v2\/posts\/3418\/revisions"}],"predecessor-version":[{"id":3419,"href":"https:\/\/parafiakrzyzowa.pl\/index.php?rest_route=\/wp\/v2\/posts\/3418\/revisions\/3419"}],"wp:attachment":[{"href":"https:\/\/parafiakrzyzowa.pl\/index.php?rest_route=%2Fwp%2Fv2%2Fmedia&parent=3418"}],"wp:term":[{"taxonomy":"category","embeddable":true,"href":"https:\/\/parafiakrzyzowa.pl\/index.php?rest_route=%2Fwp%2Fv2%2Fcategories&post=3418"},{"taxonomy":"post_tag","embeddable":true,"href":"https:\/\/parafiakrzyzowa.pl\/index.php?rest_route=%2Fwp%2Fv2%2Ftags&post=3418"}],"curies":[{"name":"wp","href":"https:\/\/api.w.org\/{rel}","templated":true}]}}