{"id":3421,"date":"2023-07-28T18:00:33","date_gmt":"2023-07-28T18:00:33","guid":{"rendered":"https:\/\/parafiakrzyzowa.pl\/?p=3421"},"modified":"2023-07-28T18:00:40","modified_gmt":"2023-07-28T18:00:40","slug":"3421","status":"publish","type":"post","link":"https:\/\/parafiakrzyzowa.pl\/?p=3421","title":{"rendered":""},"content":{"rendered":"<p>Krzy\u017cowa 30 .VII. 2023r<\/p>\n<p>&nbsp;<\/p>\n<p>&nbsp;<\/p>\n<p>&nbsp;<\/p>\n<p><strong><u>XVII \u00a0NIEDZIELA \u00a0ZWYK\u0141A<\/u><\/strong><\/p>\n<p><strong><u>\u00a0<\/u><\/strong><\/p>\n<p>Witam bardzo serdecznie wszystkich wypoczywaj\u0105cych na terenie naszej parafii , a naszym parafianom kt\u00f3rzy wyje\u017cd\u017caj\u0105 na urlopy i wakacje \u017cycz\u0119 du\u017co s\u0142o\u0144ca i tw\u00f3rczego wypoczynku.<\/p>\n<p>&nbsp;<\/p>\n<p>We wtorek rozpoczyna si\u0119 sierpie\u0144 od wielu lat miesi\u0105c abstynencji od napoj\u00f3w alkoholowych. Niezale\u017cnie od postaw w tej dziedzinie nieustannie prosz\u0119 o zachowanie trze\u017awo\u015bci a nawet abstynencji jako zado\u015b\u0107uczynienie za straszne grzechy pija\u0144stwa i alkoholizmu.<\/p>\n<p>&nbsp;<\/p>\n<p>Bardzo serdecznie zapraszam na codzienn\u0105 msz\u0119 \u015bw. do naszego ko\u015bcio\u0142a . W \u015brod\u0119 Nowenna do Matki Bo\u017cej Nieustaj\u0105cej Pomocy. Przed Nowenn\u0105 R\u00f3\u017caniec o sprawiedliwy pok\u00f3j na Ukrainie<\/p>\n<p>&nbsp;<\/p>\n<p>W tym tygodniu przypada I czwartek pi\u0105tek i sobota miesi\u0105ca . W czwartek msza \u015bw. o godz, 7:00.\u00a0\u00a0 w pi\u0105tek najpierw spowied\u017a od godz. 17 do 18 . Po mszy \u015bw. Nabo\u017ce\u0144stwo do Serca Pana Jezusa.<\/p>\n<p>Nie b\u0119dzie wizyty u chorych i senior\u00f3w.\u00a0 W sobot\u0119\u00a0 przed\u00a0 msz\u0105 \u015bw. bardzo prosz\u0119 o modlitw\u0119 r\u00f3\u017ca\u0144cow\u0105 w intencji trze\u017awo\u015bci w naszej parafii.<\/p>\n<p>&nbsp;<\/p>\n<p>W najbli\u017csz\u0105 niedziel\u0119 po wszystkich mszach \u015bw. b\u0119dzie zbierana przez stra\u017cak\u00f3w przed ko\u015bcio\u0142em ofiara dla stra\u017caka z Koszarawy kt\u00f3ry straci\u0142 ca\u0142y dobytek w po\u017carze .<\/p>\n<p>&nbsp;<\/p>\n<p>Zach\u0119cam do nabywania prasy katolickiej.<\/p>\n<p>&nbsp;<\/p>\n<p>B\u00f3g zap\u0142a\u0107 za sprz\u0105tanie ko\u015bcio\u0142a w tym tygodniu. Nast\u0119pne sprz\u0105tanie b\u0119dzie w pi\u0105tek po wieczornej mszy \u015bw. Sprz\u0105taj\u0105 Panie: Maria Sk\u00f3rzak Barbara Moc Maria Cudzich i Stanis\u0142awa Majcherek. Nie kupujemy kwiat\u00f3w.<\/p>\n<p>&nbsp;<\/p>\n<p>Kalendarz liturgiczny<\/p>\n<p>&nbsp;<\/p>\n<p>Poniedzia\u0142ek \u2013 wsp. \u015bw. Ignacego z Loyoli kap\u0142ana<\/p>\n<p>Wtorek \u2013 wsp. \u015bw. Alfonsa Marii Liguoriego biskupa i Doktora Ko\u015bcio\u0142a<\/p>\n<p>Pi\u0105tek \u2013 wsp. \u015bw. Jana Marii Vanneya kap\u0142ana<\/p>\n","protected":false},"excerpt":{"rendered":"<p>Krzy\u017cowa 30 .VII. 2023r &nbsp; &nbsp; &nbsp; XVII \u00a0NIEDZIELA \u00a0ZWYK\u0141A \u00a0 Witam bardzo serdecznie wszystkich wypoczywaj\u0105cych na terenie naszej parafii , a naszym parafianom kt\u00f3rzy wyje\u017cd\u017caj\u0105 na urlopy i wakacje \u017cycz\u0119 du\u017co s\u0142o\u0144ca i tw\u00f3rczego wypoczynku. &nbsp; We wtorek rozpoczyna si\u0119 sierpie\u0144 od wielu lat miesi\u0105c abstynencji od napoj\u00f3w alkoholowych. Niezale\u017cnie od postaw w tej [&hellip;]<\/p>\n","protected":false},"author":0,"featured_media":0,"comment_status":"closed","ping_status":"closed","sticky":false,"template":"","format":"standard","meta":{"ngg_post_thumbnail":0,"footnotes":""},"categories":[3],"tags":[],"class_list":["post-3421","post","type-post","status-publish","format-standard","hentry","category-ogloszenia"],"aioseo_notices":[],"_links":{"self":[{"href":"https:\/\/parafiakrzyzowa.pl\/index.php?rest_route=\/wp\/v2\/posts\/3421","targetHints":{"allow":["GET"]}}],"collection":[{"href":"https:\/\/parafiakrzyzowa.pl\/index.php?rest_route=\/wp\/v2\/posts"}],"about":[{"href":"https:\/\/parafiakrzyzowa.pl\/index.php?rest_route=\/wp\/v2\/types\/post"}],"replies":[{"embeddable":true,"href":"https:\/\/parafiakrzyzowa.pl\/index.php?rest_route=%2Fwp%2Fv2%2Fcomments&post=3421"}],"version-history":[{"count":1,"href":"https:\/\/parafiakrzyzowa.pl\/index.php?rest_route=\/wp\/v2\/posts\/3421\/revisions"}],"predecessor-version":[{"id":3422,"href":"https:\/\/parafiakrzyzowa.pl\/index.php?rest_route=\/wp\/v2\/posts\/3421\/revisions\/3422"}],"wp:attachment":[{"href":"https:\/\/parafiakrzyzowa.pl\/index.php?rest_route=%2Fwp%2Fv2%2Fmedia&parent=3421"}],"wp:term":[{"taxonomy":"category","embeddable":true,"href":"https:\/\/parafiakrzyzowa.pl\/index.php?rest_route=%2Fwp%2Fv2%2Fcategories&post=3421"},{"taxonomy":"post_tag","embeddable":true,"href":"https:\/\/parafiakrzyzowa.pl\/index.php?rest_route=%2Fwp%2Fv2%2Ftags&post=3421"}],"curies":[{"name":"wp","href":"https:\/\/api.w.org\/{rel}","templated":true}]}}