{"id":3424,"date":"2023-07-28T18:01:59","date_gmt":"2023-07-28T18:01:59","guid":{"rendered":"https:\/\/parafiakrzyzowa.pl\/?p=3424"},"modified":"2023-07-28T18:02:05","modified_gmt":"2023-07-28T18:02:05","slug":"3424","status":"publish","type":"post","link":"https:\/\/parafiakrzyzowa.pl\/?p=3424","title":{"rendered":""},"content":{"rendered":"<p><strong><u>INTENCJE\u00a0 MSZY \u015aWI\u0118TYCH<\/u><\/strong><\/p>\n<p><strong><u>\u00a0<\/u><\/strong><\/p>\n<p><strong><u>NIEDZIELA 30.VII. 2023r.<\/u><\/strong><\/p>\n<p><strong><u>\u00a0<\/u><\/strong><\/p>\n<p>Godz. 8:00 &#8211;\u00a0\u00a0 ++ J\u00f3zef Dendys w 30r.\u015bmierci Genowefa<\/p>\n<p>&nbsp;<\/p>\n<p>Godz. 10\u00a0\u00a0\u00a0 &#8211; \u00a0\u00a0\u00a0\u00a0\u00a0+ J\u00f3zef Pacuszka w 12r. \u015bmierci<\/p>\n<p>&nbsp;<\/p>\n<p>Godz. 18\u00a0\u00a0\u00a0 &#8211;\u00a0\u00a0 ++ Maria Szumlas\u00a0 Maria Majcherek i Anna Majcherek<\/p>\n<p>&nbsp;<\/p>\n<p><strong><u>PONIEDZIA\u0141EK 31.VII. 2023r.<\/u><\/strong><\/p>\n<p>&nbsp;<\/p>\n<p>Godz. 18\u00a0\u00a0\u00a0 &#8211;\u00a0\u00a0\u00a0\u00a0 + Kazimierz Duraj<\/p>\n<p><strong><u>\u00a0<\/u><\/strong><\/p>\n<p><strong><u>WTOREK 1.VIII. 2023r<\/u><\/strong>.<\/p>\n<p>&nbsp;<\/p>\n<p>Godz.\u00a0 7:00\u00a0\u00a0 &#8211;\u00a0\u00a0\u00a0\u00a0\u00a0\u00a0\u00a0 W intencji Parafii<\/p>\n<p><strong><u>\u00a0<\/u><\/strong><\/p>\n<p><strong><u>\u015aRODA 2.VIII. 2023r.<\/u><\/strong><\/p>\n<p>&nbsp;<\/p>\n<p>Godz. 18\u00a0\u00a0\u00a0\u00a0 &#8211;\u00a0 \u00a0\u00a0\u00a0+ \u00a0\u00a0Kazimierz G\u00f3ra<\/p>\n<p><u>\u00a0<\/u><\/p>\n<p><strong><u>CZWARTEK 3.VIII. 2023r. <\/u><\/strong><\/p>\n<p>&nbsp;<\/p>\n<p>Godz. 7:00\u00a0\u00a0\u00a0 &#8211; \u00a0\u00a0+\u00a0\u00a0 Jan Wyr\u00f3d<\/p>\n<p>&nbsp;<\/p>\n<p><strong><u>PI\u0104TEK 4.VIII. 2023r.<\/u><\/strong><\/p>\n<p>&nbsp;<\/p>\n<p>Godz. 18: \u00a0\u00a0\u00a0\u00a0&#8211;\u00a0 \u00a0\u00a0\u00a0\u00a0\u00a0\u00a0\u00a0\u00a0Za zmar\u0142ych wypominanych<\/p>\n<p><strong><u>\u00a0<\/u><\/strong><\/p>\n<p><strong><u>SOBOTA 5.VIII. 2023r.<\/u><\/strong><\/p>\n<p>&nbsp;<\/p>\n<p>Godz. 18 \u00a0\u00a0\u00a0\u00a0&#8211;\u00a0 \u00a0\u00a0\u00a0\u00a0++ J\u00f3zefa Galas\u00a0 19 r. \u015bmierci m\u0105\u017c Jan i wnuk Marek<\/p>\n<p>&nbsp;<\/p>\n<p>Krzy\u017c\u00f3wki \u00a0\u00a0&#8211; godz. 19\u00a0 -O zdrowie i b\u0142. Bo\u017ce dla cz\u0142onki\u0144 R\u00f3\u017cy \u015bw. Franciszka z Asy\u017cu<\/p>\n<p><strong><u>NIEDZIELA 6. VIII. 2023r<\/u><\/strong><strong><u>.<\/u><\/strong><\/p>\n<p>&nbsp;<\/p>\n<p>Godz. 8:00\u00a0 \u00a0&#8211;\u00a0\u00a0\u00a0\u00a0 + Emilia G\u00f3ra<\/p>\n<p>&nbsp;<\/p>\n<p>Godz. 10:00 &#8211;\u00a0 \u00a0\u00a0\u00a0+ Anna Pastor w 6r. \u015bmierci<\/p>\n<p>&nbsp;<\/p>\n<p>Godz. 18\u00a0\u00a0 \u00a0\u00a0\u00a0&#8211; \u00a0\u00a0\u00a0\u00a0\u00a0\u00a0\u00a0\u00a0W intencji Parafii<\/p>\n<p>&nbsp;<\/p>\n<p>&nbsp;<\/p>\n<p>&nbsp;<\/p>\n","protected":false},"excerpt":{"rendered":"<p>INTENCJE\u00a0 MSZY \u015aWI\u0118TYCH \u00a0 NIEDZIELA 30.VII. 2023r. \u00a0 Godz. 8:00 &#8211;\u00a0\u00a0 ++ J\u00f3zef Dendys w 30r.\u015bmierci Genowefa &nbsp; Godz. 10\u00a0\u00a0\u00a0 &#8211; \u00a0\u00a0\u00a0\u00a0\u00a0+ J\u00f3zef Pacuszka w 12r. \u015bmierci &nbsp; Godz. 18\u00a0\u00a0\u00a0 &#8211;\u00a0\u00a0 ++ Maria Szumlas\u00a0 Maria Majcherek i Anna Majcherek &nbsp; PONIEDZIA\u0141EK 31.VII. 2023r. &nbsp; Godz. 18\u00a0\u00a0\u00a0 &#8211;\u00a0\u00a0\u00a0\u00a0 + Kazimierz Duraj \u00a0 WTOREK 1.VIII. 2023r. &nbsp; [&hellip;]<\/p>\n","protected":false},"author":0,"featured_media":0,"comment_status":"closed","ping_status":"closed","sticky":false,"template":"","format":"standard","meta":{"ngg_post_thumbnail":0,"footnotes":""},"categories":[7],"tags":[],"class_list":["post-3424","post","type-post","status-publish","format-standard","hentry","category-intencje"],"aioseo_notices":[],"_links":{"self":[{"href":"https:\/\/parafiakrzyzowa.pl\/index.php?rest_route=\/wp\/v2\/posts\/3424","targetHints":{"allow":["GET"]}}],"collection":[{"href":"https:\/\/parafiakrzyzowa.pl\/index.php?rest_route=\/wp\/v2\/posts"}],"about":[{"href":"https:\/\/parafiakrzyzowa.pl\/index.php?rest_route=\/wp\/v2\/types\/post"}],"replies":[{"embeddable":true,"href":"https:\/\/parafiakrzyzowa.pl\/index.php?rest_route=%2Fwp%2Fv2%2Fcomments&post=3424"}],"version-history":[{"count":1,"href":"https:\/\/parafiakrzyzowa.pl\/index.php?rest_route=\/wp\/v2\/posts\/3424\/revisions"}],"predecessor-version":[{"id":3425,"href":"https:\/\/parafiakrzyzowa.pl\/index.php?rest_route=\/wp\/v2\/posts\/3424\/revisions\/3425"}],"wp:attachment":[{"href":"https:\/\/parafiakrzyzowa.pl\/index.php?rest_route=%2Fwp%2Fv2%2Fmedia&parent=3424"}],"wp:term":[{"taxonomy":"category","embeddable":true,"href":"https:\/\/parafiakrzyzowa.pl\/index.php?rest_route=%2Fwp%2Fv2%2Fcategories&post=3424"},{"taxonomy":"post_tag","embeddable":true,"href":"https:\/\/parafiakrzyzowa.pl\/index.php?rest_route=%2Fwp%2Fv2%2Ftags&post=3424"}],"curies":[{"name":"wp","href":"https:\/\/api.w.org\/{rel}","templated":true}]}}