{"id":3428,"date":"2023-08-09T13:24:27","date_gmt":"2023-08-09T13:24:27","guid":{"rendered":"https:\/\/parafiakrzyzowa.pl\/?p=3428"},"modified":"2023-08-09T13:24:31","modified_gmt":"2023-08-09T13:24:31","slug":"3428","status":"publish","type":"post","link":"https:\/\/parafiakrzyzowa.pl\/?p=3428","title":{"rendered":""},"content":{"rendered":"<p>Krzy\u017cowa 6 .VIII. 2023r<\/p>\n<p>&nbsp;<\/p>\n<p>&nbsp;<\/p>\n<p>&nbsp;<\/p>\n<p><strong><u>\u015aWI\u0118TO\u00a0 PRZEMIENIENIA PA\u0143SKIEGO<\/u><\/strong><\/p>\n<p><strong><u>\u00a0<\/u><\/strong><\/p>\n<p><strong><u>\u00a0<\/u><\/strong><\/p>\n<p>Dzi\u015b przypada I niedziela sierpnia . Po ka\u017cdej mszy \u015bwi\u0119tej adoracja Pana Jezusa w Naj\u015bwi\u0119tszym Sakramencie i zmiana tajemnic r\u00f3\u017ca\u0144cowych.<\/p>\n<p>&nbsp;<\/p>\n<p>Witam bardzo serdecznie wszystkich wypoczywaj\u0105cych na terenie naszej parafii, a wszystkim parafianom kt\u00f3rzy rozpoczynaj\u0105 urlopy\u00a0 lub te\u017c wakacje \u017cycz\u0119 du\u017co s\u0142o\u0144ca i bezpiecznego powrotu\u00a0\u00a0\u00a0 z wypoczynku.<\/p>\n<p>&nbsp;<\/p>\n<p>W dzisiejsz\u0105 niedziel\u0119 przed ko\u015bcio\u0142em po ka\u017cdej mszy \u015bw. stra\u017cacy zbieraj\u0105 ofiary na pomoc dla stra\u017caka z Koszarawy kt\u00f3ry straci\u0142 dobytek podczas po\u017caru.<\/p>\n<p>&nbsp;<\/p>\n<p>A w przysz\u0142\u0105 niedziel\u0119 13 sierpnia b\u0119dziemy go\u015bci\u0107 w ko\u015bciele O. Adama Kami\u0144skiego kt\u00f3ry jest na misjach w Argentynie, Na wszystkich mszach \u015bw. b\u0119dzie g\u0142osi\u0142 kazania a po mszach \u015bw. nasi lektorzy b\u0119d\u0105 zbiera\u0107 przed ko\u015bcio\u0142em ofiary dla O. Adama.<\/p>\n<p>&nbsp;<\/p>\n<p>Zapraszam na codzienn\u0105 msz\u0119 \u015bw. do naszego ko\u015bcio\u0142a . W \u015brod\u0119 przed Nowenn\u0105 do Matki Bo\u017cej Nieustaj\u0105cej Pomocy r\u00f3\u017caniec o sprawiedliwy pok\u00f3j na Ukrainie.<\/p>\n<p>&nbsp;<\/p>\n<p>B\u00f3g zap\u0142a\u0107 za sprz\u0105tanie ko\u015bcio\u0142a w tym tygodniu. Nast\u0119pne sprz\u0105tanie b\u0119dzie w pi\u0105tek po wieczornej mszy \u015bw. Sprz\u0105taj\u0105 Panie: Agata Pastor Ma\u0142gorzata Pindel Anna Ciupka i Alicja J\u0119drzejas<\/p>\n<p>&nbsp;<\/p>\n<p>&nbsp;<\/p>\n<p>Kalendarz liturgiczny<\/p>\n<p>&nbsp;<\/p>\n<p>Wtorek \u2013 wsp. \u015bw. Dominika kap\u0142ana<\/p>\n<p>\u015aroda \u2013 \u015bwi\u0119to \u015bw. Teresy Benedykty od Krzy\u017ca \/Edyta Stein\/dziewicy i m\u0119czennicy patronki Europy<\/p>\n<p>Czwartek \u2013 \u015bwi\u0119to \u015bw. Wawrzy\u0144ca diakona i m\u0119czennika<\/p>\n<p>Pi\u0105tek \u2013 wsp. \u015bw. Klary dziewicy<\/p>\n","protected":false},"excerpt":{"rendered":"<p>Krzy\u017cowa 6 .VIII. 2023r &nbsp; &nbsp; &nbsp; \u015aWI\u0118TO\u00a0 PRZEMIENIENIA PA\u0143SKIEGO \u00a0 \u00a0 Dzi\u015b przypada I niedziela sierpnia . Po ka\u017cdej mszy \u015bwi\u0119tej adoracja Pana Jezusa w Naj\u015bwi\u0119tszym Sakramencie i zmiana tajemnic r\u00f3\u017ca\u0144cowych. &nbsp; Witam bardzo serdecznie wszystkich wypoczywaj\u0105cych na terenie naszej parafii, a wszystkim parafianom kt\u00f3rzy rozpoczynaj\u0105 urlopy\u00a0 lub te\u017c wakacje \u017cycz\u0119 du\u017co s\u0142o\u0144ca i [&hellip;]<\/p>\n","protected":false},"author":0,"featured_media":0,"comment_status":"closed","ping_status":"closed","sticky":false,"template":"","format":"standard","meta":{"ngg_post_thumbnail":0,"footnotes":""},"categories":[3],"tags":[],"class_list":["post-3428","post","type-post","status-publish","format-standard","hentry","category-ogloszenia"],"aioseo_notices":[],"_links":{"self":[{"href":"https:\/\/parafiakrzyzowa.pl\/index.php?rest_route=\/wp\/v2\/posts\/3428","targetHints":{"allow":["GET"]}}],"collection":[{"href":"https:\/\/parafiakrzyzowa.pl\/index.php?rest_route=\/wp\/v2\/posts"}],"about":[{"href":"https:\/\/parafiakrzyzowa.pl\/index.php?rest_route=\/wp\/v2\/types\/post"}],"replies":[{"embeddable":true,"href":"https:\/\/parafiakrzyzowa.pl\/index.php?rest_route=%2Fwp%2Fv2%2Fcomments&post=3428"}],"version-history":[{"count":1,"href":"https:\/\/parafiakrzyzowa.pl\/index.php?rest_route=\/wp\/v2\/posts\/3428\/revisions"}],"predecessor-version":[{"id":3429,"href":"https:\/\/parafiakrzyzowa.pl\/index.php?rest_route=\/wp\/v2\/posts\/3428\/revisions\/3429"}],"wp:attachment":[{"href":"https:\/\/parafiakrzyzowa.pl\/index.php?rest_route=%2Fwp%2Fv2%2Fmedia&parent=3428"}],"wp:term":[{"taxonomy":"category","embeddable":true,"href":"https:\/\/parafiakrzyzowa.pl\/index.php?rest_route=%2Fwp%2Fv2%2Fcategories&post=3428"},{"taxonomy":"post_tag","embeddable":true,"href":"https:\/\/parafiakrzyzowa.pl\/index.php?rest_route=%2Fwp%2Fv2%2Ftags&post=3428"}],"curies":[{"name":"wp","href":"https:\/\/api.w.org\/{rel}","templated":true}]}}