{"id":3434,"date":"2023-08-12T10:06:33","date_gmt":"2023-08-12T10:06:33","guid":{"rendered":"https:\/\/parafiakrzyzowa.pl\/?p=3434"},"modified":"2023-08-12T10:06:39","modified_gmt":"2023-08-12T10:06:39","slug":"3434","status":"publish","type":"post","link":"https:\/\/parafiakrzyzowa.pl\/?p=3434","title":{"rendered":""},"content":{"rendered":"<p>Krzy\u017cowa 13 .VIII. 2023r<\/p>\n<p>&nbsp;<\/p>\n<p>&nbsp;<\/p>\n<p>&nbsp;<\/p>\n<p><strong><u>XIX NIEDZIELA\u00a0 ZWYK\u0141A<\/u><\/strong><\/p>\n<p><strong><u>\u00a0<\/u><\/strong><\/p>\n<p>Witam bardzo serdecznie wszystkich wypoczywaj\u0105cych na terenie naszej parafii, a wszystkim parafianom kt\u00f3rzy rozpoczynaj\u0105 urlopy\u00a0 lub te\u017c wakacje \u017cycz\u0119 du\u017co s\u0142o\u0144ca i bezpiecznego powrotu\u00a0\u00a0\u00a0 z wypoczynku.<\/p>\n<p>&nbsp;<\/p>\n<p>Dzisiaj go\u015bcimy w naszym ko\u015bciele O. Adama Kami\u0144skiego kt\u00f3ry przyjecha\u0142 na 2 miesi\u0119czny urlop\u00a0\u00a0\u00a0 z misji w Argentynie. Dzisiaj O. Adam b\u0119dzie g\u0142osi\u0142 na wszystkich mszach \u015bwi\u0119tych kazania, a nasi lektorzy przed ko\u015bcio\u0142em po ka\u017cdej mszy \u015bw. b\u0119d\u0105 zbiera\u0107 ofiary dla O. Adama. B\u00f3g zap\u0142a\u0107 za ofiarno\u015b\u0107.<\/p>\n<p>&nbsp;<\/p>\n<p>Dzi\u0119kuj\u0119 za ofiary w ostatni\u0105 niedziel\u0119 dla pogorzelc\u00f3w z Koszarawy. Zebrano \u2026\u2026\u2026.. PLN.<\/p>\n<p>&nbsp;<\/p>\n<p>Zach\u0119cam do nabywania prasy katolickiej.<\/p>\n<p>Zapraszam na codzienn\u0105 msz\u0119 \u015bw. do naszego ko\u015bcio\u0142a . W \u015brod\u0119 przed Nowenn\u0105 do Matki Bo\u017cej Nieustaj\u0105cej Pomocy r\u00f3\u017caniec o sprawiedliwy pok\u00f3j na Ukrainie.<\/p>\n<p>&nbsp;<\/p>\n<p>We wtorek przypada uroczysto\u015b\u0107 Wniebowzi\u0119cia NMPanny najwi\u0119ksze \u015bwi\u0119to maryjne w Ko\u015bciele. Jest to r\u00f3wnie\u017c \u015bwi\u0119to pa\u0144stwowe \u015bwi\u0119to Wojska Polskiego i 103r. Cudu nad Wis\u0142\u0105 czyli wielkiego zwyci\u0119stwa wojska polskiego nad sowietami w czasie wojny polsko- bolszewickiej 1920r. Msze \u015bw. w naszym ko\u015bciele w porz\u0105dku niedzielnym , a na ka\u017cdej mszy \u015bw. po\u015bwi\u0119cenie zi\u00f3\u0142. Przypominam, \u017ce jest to \u015bwi\u0119to obowi\u0105zkowe.<\/p>\n<p>&nbsp;<\/p>\n<p>B\u00f3g zap\u0142a\u0107 za sprz\u0105tanie ko\u015bcio\u0142a w tym tygodniu. Nast\u0119pne sprz\u0105tanie b\u0119dzie w pi\u0105tek po wieczornej mszy \u015bw. Sprz\u0105taj\u0105 Panie: Ewa Majcherek Helena Habzda Barbara Biernatem i Wies\u0142awa Wrzeszcz. Nie kupujemy kwiat\u00f3w.<\/p>\n<p>&nbsp;<\/p>\n<p>&nbsp;<\/p>\n<p>Kalendarz liturgiczny<\/p>\n<p>&nbsp;<\/p>\n<p>Poniedzia\u0142ek \u2013 uroczysto\u015b\u0107 \u015bw. Maksymiliana Marii Kolbego kap\u0142ana i m\u0119czennika<\/p>\n<p>Wtorek \u00a0\u2013 uroczysto\u015b\u0107 Wniebowzi\u0119cia NMPanny<\/p>\n<p>Czwartek \u2013\u00a0 wsp. \u015bw. Jacka kap\u0142ana<\/p>\n<p>&nbsp;<\/p>\n","protected":false},"excerpt":{"rendered":"<p>Krzy\u017cowa 13 .VIII. 2023r &nbsp; &nbsp; &nbsp; XIX NIEDZIELA\u00a0 ZWYK\u0141A \u00a0 Witam bardzo serdecznie wszystkich wypoczywaj\u0105cych na terenie naszej parafii, a wszystkim parafianom kt\u00f3rzy rozpoczynaj\u0105 urlopy\u00a0 lub te\u017c wakacje \u017cycz\u0119 du\u017co s\u0142o\u0144ca i bezpiecznego powrotu\u00a0\u00a0\u00a0 z wypoczynku. &nbsp; Dzisiaj go\u015bcimy w naszym ko\u015bciele O. Adama Kami\u0144skiego kt\u00f3ry przyjecha\u0142 na 2 miesi\u0119czny urlop\u00a0\u00a0\u00a0 z misji w [&hellip;]<\/p>\n","protected":false},"author":0,"featured_media":0,"comment_status":"closed","ping_status":"closed","sticky":false,"template":"","format":"standard","meta":{"ngg_post_thumbnail":0,"footnotes":""},"categories":[3],"tags":[],"class_list":["post-3434","post","type-post","status-publish","format-standard","hentry","category-ogloszenia"],"aioseo_notices":[],"_links":{"self":[{"href":"https:\/\/parafiakrzyzowa.pl\/index.php?rest_route=\/wp\/v2\/posts\/3434","targetHints":{"allow":["GET"]}}],"collection":[{"href":"https:\/\/parafiakrzyzowa.pl\/index.php?rest_route=\/wp\/v2\/posts"}],"about":[{"href":"https:\/\/parafiakrzyzowa.pl\/index.php?rest_route=\/wp\/v2\/types\/post"}],"replies":[{"embeddable":true,"href":"https:\/\/parafiakrzyzowa.pl\/index.php?rest_route=%2Fwp%2Fv2%2Fcomments&post=3434"}],"version-history":[{"count":1,"href":"https:\/\/parafiakrzyzowa.pl\/index.php?rest_route=\/wp\/v2\/posts\/3434\/revisions"}],"predecessor-version":[{"id":3435,"href":"https:\/\/parafiakrzyzowa.pl\/index.php?rest_route=\/wp\/v2\/posts\/3434\/revisions\/3435"}],"wp:attachment":[{"href":"https:\/\/parafiakrzyzowa.pl\/index.php?rest_route=%2Fwp%2Fv2%2Fmedia&parent=3434"}],"wp:term":[{"taxonomy":"category","embeddable":true,"href":"https:\/\/parafiakrzyzowa.pl\/index.php?rest_route=%2Fwp%2Fv2%2Fcategories&post=3434"},{"taxonomy":"post_tag","embeddable":true,"href":"https:\/\/parafiakrzyzowa.pl\/index.php?rest_route=%2Fwp%2Fv2%2Ftags&post=3434"}],"curies":[{"name":"wp","href":"https:\/\/api.w.org\/{rel}","templated":true}]}}