{"id":3437,"date":"2023-08-12T10:08:28","date_gmt":"2023-08-12T10:08:28","guid":{"rendered":"https:\/\/parafiakrzyzowa.pl\/?p=3437"},"modified":"2023-08-12T10:08:35","modified_gmt":"2023-08-12T10:08:35","slug":"3437","status":"publish","type":"post","link":"https:\/\/parafiakrzyzowa.pl\/?p=3437","title":{"rendered":""},"content":{"rendered":"<p><strong><u>INTENCJE\u00a0 MSZY \u015aWI\u0118TYCH<\/u><\/strong><\/p>\n<p>&nbsp;<\/p>\n<p><strong><u>NIEDZIELA 13.VIII. 2023r.<\/u><\/strong><\/p>\n<p>&nbsp;<\/p>\n<p>Godz. 8:00 &#8211;\u00a0\u00a0 ++ Julian Z\u0105bek w 11r. \u015bmierci \u017cona Maria<\/p>\n<p>Godz. 10\u00a0\u00a0\u00a0 &#8211; \u00a0\u00a0\u00a0\u00a0\u00a0\u00a0\u00a0\u00a0O zdrowie i b\u0142. Bo\u017ce dla parafian z Dolnej Krzy\u017cowej<\/p>\n<p>Godz. 18\u00a0\u00a0\u00a0 &#8211;\u00a0\u00a0 \u00a0\u00a0\u00a0+ Barbara Latus w 1r. \u015bmierci<\/p>\n<p>&nbsp;<\/p>\n<p><strong><u>PONIEDZIA\u0141EK 14.VIII. 2023r.<\/u><\/strong><\/p>\n<p>&nbsp;<\/p>\n<p>Godz. 18\u00a0\u00a0\u00a0 &#8211;\u00a0\u00a0\u00a0\u00a0 + Czes\u0142aw Z\u0105bek<\/p>\n<p><strong><u>\u00a0<\/u><\/strong><\/p>\n<p><strong><u>WTOREK 15.VIII. 2023r<\/u><\/strong><u>.- <strong>WNIEBOWZI\u0118CIE NM PANNY<\/strong><\/u><\/p>\n<p>Godz.\u00a0 8:00 &#8211;\u00a0 ++ Aniela Ryczek m\u0105\u017c Franciszek syn W\u0142adys\u0142aw<\/p>\n<p>Godz. 10\u00a0\u00a0\u00a0\u00a0 &#8211;\u00a0\u00a0\u00a0\u00a0 + Jan P\u0142aza<\/p>\n<p>Godz. 18\u00a0\u00a0\u00a0\u00a0 &#8211;\u00a0 ++ Maria G\u00f3ra m\u0105\u017c i synowie<\/p>\n<p>&nbsp;<\/p>\n<p><strong><u>\u015aRODA 16.VIII. 2023r.<\/u><\/strong><\/p>\n<p>&nbsp;<\/p>\n<p>Godz. 18\u00a0\u00a0\u00a0\u00a0 &#8211;\u00a0 \u00a0\u00a0\u00a0\u00a0+ Pawe\u0142 Cima\u0142a w 5r. \u015bmierci<\/p>\n<p>&nbsp;<\/p>\n<p><strong><u>CZWARTEK 17.VIII. 2023r. <\/u><\/strong><\/p>\n<p>&nbsp;<\/p>\n<p>Godz. 7:00\u00a0 &#8211; \u00a0\u00a0\u00a0\u00a0\u00a0\u00a0\u00a0\u00a0\u00a0W intencji Parafii<\/p>\n<p>&nbsp;<\/p>\n<p><strong><u>PI\u0104TEK 18.VIII. 2023r.<\/u><\/strong><\/p>\n<p>&nbsp;<\/p>\n<p>Godz. 18: \u00a0\u00a0\u00a0&#8211;\u00a0 \u00a0\u00a0\u00a0\u00a0\u00a0\u00a0\u00a0\u00a0Podzi\u0119kowanie za opiek\u0119 Bo\u017c\u0105 i powr\u00f3t do zdrowia pewnej osoby<\/p>\n<p>&nbsp;<\/p>\n<p><strong><u>SOBOTA 19.VIII. 2023r.<\/u><\/strong><\/p>\n<p>&nbsp;<\/p>\n<p>Godz. 18 \u00a0\u00a0\u00a0\u00a0&#8211;\u00a0 \u00a0\u00a0\u00a0\u00a0+ J\u00f3zef J\u0119drzejas w 26r. \u015bmierci<\/p>\n<p>Krzy\u017c\u00f3wki \u00a0&#8211; godz. 19\u00a0 &#8211; ++ Maria i W\u0142adys\u0142aw Niewdanowie<\/p>\n<p>&nbsp;<\/p>\n<p><strong><u>NIEDZIELA 20. VIII. 2023r<\/u><\/strong><strong><u>.<\/u><\/strong><\/p>\n<p>&nbsp;<\/p>\n<p>Godz. 8:00\u00a0 \u00a0&#8211;\u00a0 ++ J\u00f3zef Michalec rodzice i rodze\u0144stwo<\/p>\n<p>&nbsp;<\/p>\n<p>Godz. 10\u00a0\u00a0\u00a0\u00a0 \u00a0&#8211;\u00a0 \u00a0++ Maria S\u0142owik w 21r. \u015bmierci m\u0105\u017c Karol<\/p>\n<p>&nbsp;<\/p>\n<p>Godz. 18\u00a0\u00a0 \u00a0\u00a0\u00a0&#8211; \u00a0\u00a0\u00a0++ Maria Czul w 2r. \u015bmierci m\u0105\u017c J\u00f3zef<\/p>\n<p>&nbsp;<\/p>\n<p>&nbsp;<\/p>\n<p>&nbsp;<\/p>\n","protected":false},"excerpt":{"rendered":"<p>INTENCJE\u00a0 MSZY \u015aWI\u0118TYCH &nbsp; NIEDZIELA 13.VIII. 2023r. &nbsp; Godz. 8:00 &#8211;\u00a0\u00a0 ++ Julian Z\u0105bek w 11r. \u015bmierci \u017cona Maria Godz. 10\u00a0\u00a0\u00a0 &#8211; \u00a0\u00a0\u00a0\u00a0\u00a0\u00a0\u00a0\u00a0O zdrowie i b\u0142. Bo\u017ce dla parafian z Dolnej Krzy\u017cowej Godz. 18\u00a0\u00a0\u00a0 &#8211;\u00a0\u00a0 \u00a0\u00a0\u00a0+ Barbara Latus w 1r. \u015bmierci &nbsp; PONIEDZIA\u0141EK 14.VIII. 2023r. &nbsp; Godz. 18\u00a0\u00a0\u00a0 &#8211;\u00a0\u00a0\u00a0\u00a0 + Czes\u0142aw Z\u0105bek \u00a0 WTOREK 15.VIII. [&hellip;]<\/p>\n","protected":false},"author":0,"featured_media":0,"comment_status":"closed","ping_status":"closed","sticky":false,"template":"","format":"standard","meta":{"ngg_post_thumbnail":0,"footnotes":""},"categories":[7],"tags":[],"class_list":["post-3437","post","type-post","status-publish","format-standard","hentry","category-intencje"],"aioseo_notices":[],"_links":{"self":[{"href":"https:\/\/parafiakrzyzowa.pl\/index.php?rest_route=\/wp\/v2\/posts\/3437","targetHints":{"allow":["GET"]}}],"collection":[{"href":"https:\/\/parafiakrzyzowa.pl\/index.php?rest_route=\/wp\/v2\/posts"}],"about":[{"href":"https:\/\/parafiakrzyzowa.pl\/index.php?rest_route=\/wp\/v2\/types\/post"}],"replies":[{"embeddable":true,"href":"https:\/\/parafiakrzyzowa.pl\/index.php?rest_route=%2Fwp%2Fv2%2Fcomments&post=3437"}],"version-history":[{"count":1,"href":"https:\/\/parafiakrzyzowa.pl\/index.php?rest_route=\/wp\/v2\/posts\/3437\/revisions"}],"predecessor-version":[{"id":3438,"href":"https:\/\/parafiakrzyzowa.pl\/index.php?rest_route=\/wp\/v2\/posts\/3437\/revisions\/3438"}],"wp:attachment":[{"href":"https:\/\/parafiakrzyzowa.pl\/index.php?rest_route=%2Fwp%2Fv2%2Fmedia&parent=3437"}],"wp:term":[{"taxonomy":"category","embeddable":true,"href":"https:\/\/parafiakrzyzowa.pl\/index.php?rest_route=%2Fwp%2Fv2%2Fcategories&post=3437"},{"taxonomy":"post_tag","embeddable":true,"href":"https:\/\/parafiakrzyzowa.pl\/index.php?rest_route=%2Fwp%2Fv2%2Ftags&post=3437"}],"curies":[{"name":"wp","href":"https:\/\/api.w.org\/{rel}","templated":true}]}}