{"id":3451,"date":"2023-08-26T06:20:05","date_gmt":"2023-08-26T06:20:05","guid":{"rendered":"https:\/\/parafiakrzyzowa.pl\/?p=3451"},"modified":"2023-08-26T06:24:04","modified_gmt":"2023-08-26T06:24:04","slug":"3451","status":"publish","type":"post","link":"https:\/\/parafiakrzyzowa.pl\/?p=3451","title":{"rendered":""},"content":{"rendered":"<p><strong><u>INTENCJE\u00a0 MSZY \u015aWI\u0118TYCH<\/u><\/strong><\/p>\n<p><strong><u>\u00a0<\/u><\/strong><\/p>\n<p><strong><u>NIEDZIELA 27.VIII. 2023r.<\/u><\/strong><\/p>\n<p><strong><u>\u00a0<\/u><\/strong><\/p>\n<p>Godz. 8:00 &#8211;\u00a0\u00a0\u00a0\u00a0 + Adam Kami\u0144ski w 25r. \u015bmierci<\/p>\n<p>&nbsp;<\/p>\n<p>Godz. 10\u00a0\u00a0\u00a0 &#8211; \u00a0\u00a0++ Anna Kami\u0144ska m\u0105\u017c Stanis\u0142aw<\/p>\n<p>&nbsp;<\/p>\n<p>Godz. 18\u00a0\u00a0\u00a0 &#8211;\u00a0\u00a0 \u00a0\u00a0+ \u00a0Franciszek Wylecia\u0142<\/p>\n<p>&nbsp;<\/p>\n<p><strong><u>PONIEDZIA\u0141EK 28VIII. 2023r.<\/u><\/strong><\/p>\n<p>&nbsp;<\/p>\n<p>Godz. 18\u00a0\u00a0\u00a0 &#8211;\u00a0\u00a0\u00a0\u00a0 + Agata Krzy\u017cowska od R\u00f3\u017cy \u015bw. s. Faustyny<\/p>\n<p><strong><u>\u00a0<\/u><\/strong><\/p>\n<p><strong><u>WTOREK 29.VIII. 2023r<\/u><\/strong><u>.<\/u><\/p>\n<p>&nbsp;<\/p>\n<p>Godz.\u00a0 7:00 &#8211;\u00a0 \u00a0\u00a0\u00a0\u00a0\u00a0W intencji Parafii<\/p>\n<p><strong><u>\u00a0<\/u><\/strong><\/p>\n<p><strong><u>\u015aRODA 30.VIII. 2023r.<\/u><\/strong><\/p>\n<p>&nbsp;<\/p>\n<p>Godz. 18\u00a0\u00a0\u00a0\u00a0 &#8211;\u00a0 \u00a0\u00a0+ Czes\u0142aw Filip<\/p>\n<p><u>\u00a0<\/u><\/p>\n<p><strong><u>CZWARTEK 31.VIII. 2023r. <\/u><\/strong><\/p>\n<p>&nbsp;<\/p>\n<p>Godz. 7:00\u00a0 &#8211; \u00a0\u00a0\u00a0+ Justyna Dom\u017ca\u0142<\/p>\n<p><strong><u>\u00a0<\/u><\/strong><\/p>\n<p><strong><u>PI\u0104TEK 1.IX. 2023r.<\/u><\/strong><\/p>\n<p>&nbsp;<\/p>\n<p>Godz. 18: \u00a0\u00a0\u00a0&#8211;\u00a0 \u00a0\u00a0\u00a0\u00a0\u00a0\u00a0Za zmar\u0142ych wypominanych<\/p>\n<p><strong><u>\u00a0<\/u><\/strong><\/p>\n<p><strong><u>SOBOTA 2.IX. 2023r.<\/u><\/strong><\/p>\n<p>&nbsp;<\/p>\n<p>Godz. 18 \u00a0\u00a0\u00a0\u00a0&#8211; \u00a0++ Karolina J\u0119drzejas m\u0105\u017c Jan<\/p>\n<p>&nbsp;<\/p>\n<p><strong><u>NIEDZIELA 3. IX. 2023r<\/u><\/strong><strong><u>.<\/u><\/strong><\/p>\n<p>&nbsp;<\/p>\n<p>Godz. 8:00\u00a0 \u00a0&#8211; \u00a0\u00a0+ Tadeusz\u00a0 Kami\u0144ski<\/p>\n<p>&nbsp;<\/p>\n<p>Godz. 10\u00a0\u00a0\u00a0\u00a0 \u00a0-++\u00a0 Karolina J\u0119drzejas\u00a0 m\u0105\u017c Jan<\/p>\n<p>&nbsp;<\/p>\n<p>Godz. 18\u00a0\u00a0 \u00a0\u00a0\u00a0&#8211; ++ Wojciech Duraj \u017cona Rozalia syn Czes\u0142aw<\/p>\n<p>&nbsp;<\/p>\n<p>&nbsp;<\/p>\n","protected":false},"excerpt":{"rendered":"<p>INTENCJE\u00a0 MSZY \u015aWI\u0118TYCH \u00a0 NIEDZIELA 27.VIII. 2023r. \u00a0 Godz. 8:00 &#8211;\u00a0\u00a0\u00a0\u00a0 + Adam Kami\u0144ski w 25r. \u015bmierci &nbsp; Godz. 10\u00a0\u00a0\u00a0 &#8211; \u00a0\u00a0++ Anna Kami\u0144ska m\u0105\u017c Stanis\u0142aw &nbsp; Godz. 18\u00a0\u00a0\u00a0 &#8211;\u00a0\u00a0 \u00a0\u00a0+ \u00a0Franciszek Wylecia\u0142 &nbsp; PONIEDZIA\u0141EK 28VIII. 2023r. &nbsp; Godz. 18\u00a0\u00a0\u00a0 &#8211;\u00a0\u00a0\u00a0\u00a0 + Agata Krzy\u017cowska od R\u00f3\u017cy \u015bw. s. Faustyny \u00a0 WTOREK 29.VIII. 2023r. &nbsp; Godz.\u00a0 [&hellip;]<\/p>\n","protected":false},"author":0,"featured_media":0,"comment_status":"closed","ping_status":"closed","sticky":false,"template":"","format":"standard","meta":{"ngg_post_thumbnail":0,"footnotes":""},"categories":[7],"tags":[],"class_list":["post-3451","post","type-post","status-publish","format-standard","hentry","category-intencje"],"aioseo_notices":[],"_links":{"self":[{"href":"https:\/\/parafiakrzyzowa.pl\/index.php?rest_route=\/wp\/v2\/posts\/3451","targetHints":{"allow":["GET"]}}],"collection":[{"href":"https:\/\/parafiakrzyzowa.pl\/index.php?rest_route=\/wp\/v2\/posts"}],"about":[{"href":"https:\/\/parafiakrzyzowa.pl\/index.php?rest_route=\/wp\/v2\/types\/post"}],"replies":[{"embeddable":true,"href":"https:\/\/parafiakrzyzowa.pl\/index.php?rest_route=%2Fwp%2Fv2%2Fcomments&post=3451"}],"version-history":[{"count":2,"href":"https:\/\/parafiakrzyzowa.pl\/index.php?rest_route=\/wp\/v2\/posts\/3451\/revisions"}],"predecessor-version":[{"id":3456,"href":"https:\/\/parafiakrzyzowa.pl\/index.php?rest_route=\/wp\/v2\/posts\/3451\/revisions\/3456"}],"wp:attachment":[{"href":"https:\/\/parafiakrzyzowa.pl\/index.php?rest_route=%2Fwp%2Fv2%2Fmedia&parent=3451"}],"wp:term":[{"taxonomy":"category","embeddable":true,"href":"https:\/\/parafiakrzyzowa.pl\/index.php?rest_route=%2Fwp%2Fv2%2Fcategories&post=3451"},{"taxonomy":"post_tag","embeddable":true,"href":"https:\/\/parafiakrzyzowa.pl\/index.php?rest_route=%2Fwp%2Fv2%2Ftags&post=3451"}],"curies":[{"name":"wp","href":"https:\/\/api.w.org\/{rel}","templated":true}]}}