{"id":3462,"date":"2023-09-02T09:10:18","date_gmt":"2023-09-02T09:10:18","guid":{"rendered":"https:\/\/parafiakrzyzowa.pl\/?p=3462"},"modified":"2023-09-02T09:10:24","modified_gmt":"2023-09-02T09:10:24","slug":"3462","status":"publish","type":"post","link":"https:\/\/parafiakrzyzowa.pl\/?p=3462","title":{"rendered":""},"content":{"rendered":"<p><strong><u>INTENCJE\u00a0 MSZY \u015aWI\u0118TYCH<\/u><\/strong><\/p>\n<p><strong><u>\u00a0<\/u><\/strong><\/p>\n<p><strong><u>NIEDZIELA 3.IX. 2023r.<\/u><\/strong><\/p>\n<p><strong><u>\u00a0<\/u><\/strong><\/p>\n<p>Godz. 8:00 &#8211;\u00a0\u00a0\u00a0\u00a0 + Tadeusz Kami\u0144ski<\/p>\n<p>&nbsp;<\/p>\n<p>Godz. 10\u00a0\u00a0\u00a0 &#8211; \u00a0\u00a0++ Karolina J\u0119drzejas m\u0105\u017c Jan<\/p>\n<p>&nbsp;<\/p>\n<p>Godz. 18\u00a0\u00a0\u00a0 &#8211;\u00a0\u00a0 ++ Wojciech Duraj \u017cona Rozalia syn Czes\u0142aw<\/p>\n<p>.<\/p>\n<p><strong><u>PONIEDZIA\u0141EK 4. IX. 2023r.<\/u><\/strong><\/p>\n<p>&nbsp;<\/p>\n<p>Godz. 18\u00a0\u00a0\u00a0 &#8211;\u00a0\u00a0\u00a0\u00a0 + Pawe\u0142 Pastor<\/p>\n<p><strong><u>\u00a0<\/u><\/strong><\/p>\n<p><strong><u>WTOREK 5.IX. 2023r<\/u><\/strong><u>.<\/u><\/p>\n<p>&nbsp;<\/p>\n<p>Godz.\u00a0 7:00 &#8211;\u00a0 \u00a0\u00a0\u00a0\u00a0\u00a0W intencji Parafii<\/p>\n<p><strong><u>\u00a0<\/u><\/strong><\/p>\n<p><strong><u>\u015aRODA 6.IX. 2023r.<\/u><\/strong><\/p>\n<p>&nbsp;<\/p>\n<p>Godz. 18\u00a0\u00a0\u00a0\u00a0 &#8211;\u00a0 ++ Maria Basik w 16r. \u015bmierci m\u0105\u017c Karol<\/p>\n<p><u>\u00a0<\/u><\/p>\n<p><strong><u>CZWARTEK 7.IX. 2023r. <\/u><\/strong><\/p>\n<p>&nbsp;<\/p>\n<p>Godz. 7:00\u00a0 &#8211; \u00a0\u00a0\u00a0+ Justyna Dom\u017ca\u0142<\/p>\n<p><strong><u>\u00a0<\/u><\/strong><\/p>\n<p><strong><u>PI\u0104TEK 8.IX. 2023r.<\/u><\/strong><\/p>\n<p>&nbsp;<\/p>\n<p>Godz. 18: \u00a0\u00a0\u00a0&#8211;\u00a0 \u00a0\u00a0+ Cecylia Kami\u0144ska w 11r. \u015bmierci<\/p>\n<p><strong><u>\u00a0<\/u><\/strong><\/p>\n<p><strong><u>SOBOTA 9.IX. 2023r.<\/u><\/strong><\/p>\n<p>&nbsp;<\/p>\n<p>Godz. 18 \u00a0\u00a0\u00a0\u00a0&#8211; \u00a0++ Stanis\u0142aw J\u0119drzejas \u017cona Maria syn Tadeusz<\/p>\n<p>&nbsp;<\/p>\n<p><strong><u>NIEDZIELA 10. IX. 2023r<\/u><\/strong><strong><u>.<\/u><\/strong><\/p>\n<p>&nbsp;<\/p>\n<p>Godz. 8:00\u00a0 \u00a0&#8211; ++ Maria i Franciszek Michalec zi\u0119\u0107 Czes\u0142aw Z\u0105bek<\/p>\n<p>&nbsp;<\/p>\n<p>Godz. 10\u00a0\u00a0\u00a0\u00a0 \u00a0&#8211;\u00a0\u00a0\u00a0\u00a0\u00a0\u00a0 O zdrowie i b\u0142. Bo\u017ce dla Gra\u017cyny i S\u0142awomira Nowak\u00f3w w 25r. \u015blubu<\/p>\n<p>&nbsp;<\/p>\n<p>Godz. 18\u00a0\u00a0 \u00a0\u00a0\u00a0&#8211; ++ Jan Gawlas i rodzice\u00a0 Aniela i W\u0142adys\u0142aw<\/p>\n<p>&nbsp;<\/p>\n<p>&nbsp;<\/p>\n<p>&nbsp;<\/p>\n","protected":false},"excerpt":{"rendered":"<p>INTENCJE\u00a0 MSZY \u015aWI\u0118TYCH \u00a0 NIEDZIELA 3.IX. 2023r. \u00a0 Godz. 8:00 &#8211;\u00a0\u00a0\u00a0\u00a0 + Tadeusz Kami\u0144ski &nbsp; Godz. 10\u00a0\u00a0\u00a0 &#8211; \u00a0\u00a0++ Karolina J\u0119drzejas m\u0105\u017c Jan &nbsp; Godz. 18\u00a0\u00a0\u00a0 &#8211;\u00a0\u00a0 ++ Wojciech Duraj \u017cona Rozalia syn Czes\u0142aw . PONIEDZIA\u0141EK 4. IX. 2023r. &nbsp; Godz. 18\u00a0\u00a0\u00a0 &#8211;\u00a0\u00a0\u00a0\u00a0 + Pawe\u0142 Pastor \u00a0 WTOREK 5.IX. 2023r. &nbsp; Godz.\u00a0 7:00 &#8211;\u00a0 \u00a0\u00a0\u00a0\u00a0\u00a0W [&hellip;]<\/p>\n","protected":false},"author":0,"featured_media":0,"comment_status":"closed","ping_status":"closed","sticky":false,"template":"","format":"standard","meta":{"ngg_post_thumbnail":0,"footnotes":""},"categories":[7],"tags":[],"class_list":["post-3462","post","type-post","status-publish","format-standard","hentry","category-intencje"],"aioseo_notices":[],"_links":{"self":[{"href":"https:\/\/parafiakrzyzowa.pl\/index.php?rest_route=\/wp\/v2\/posts\/3462","targetHints":{"allow":["GET"]}}],"collection":[{"href":"https:\/\/parafiakrzyzowa.pl\/index.php?rest_route=\/wp\/v2\/posts"}],"about":[{"href":"https:\/\/parafiakrzyzowa.pl\/index.php?rest_route=\/wp\/v2\/types\/post"}],"replies":[{"embeddable":true,"href":"https:\/\/parafiakrzyzowa.pl\/index.php?rest_route=%2Fwp%2Fv2%2Fcomments&post=3462"}],"version-history":[{"count":1,"href":"https:\/\/parafiakrzyzowa.pl\/index.php?rest_route=\/wp\/v2\/posts\/3462\/revisions"}],"predecessor-version":[{"id":3463,"href":"https:\/\/parafiakrzyzowa.pl\/index.php?rest_route=\/wp\/v2\/posts\/3462\/revisions\/3463"}],"wp:attachment":[{"href":"https:\/\/parafiakrzyzowa.pl\/index.php?rest_route=%2Fwp%2Fv2%2Fmedia&parent=3462"}],"wp:term":[{"taxonomy":"category","embeddable":true,"href":"https:\/\/parafiakrzyzowa.pl\/index.php?rest_route=%2Fwp%2Fv2%2Fcategories&post=3462"},{"taxonomy":"post_tag","embeddable":true,"href":"https:\/\/parafiakrzyzowa.pl\/index.php?rest_route=%2Fwp%2Fv2%2Ftags&post=3462"}],"curies":[{"name":"wp","href":"https:\/\/api.w.org\/{rel}","templated":true}]}}