{"id":3483,"date":"2023-09-23T10:37:28","date_gmt":"2023-09-23T10:37:28","guid":{"rendered":"https:\/\/parafiakrzyzowa.pl\/?p=3483"},"modified":"2023-09-23T10:37:37","modified_gmt":"2023-09-23T10:37:37","slug":"3483","status":"publish","type":"post","link":"https:\/\/parafiakrzyzowa.pl\/?p=3483","title":{"rendered":""},"content":{"rendered":"<p>Krzy\u017cowa 24 .IX. 2023r<\/p>\n<p>&nbsp;<\/p>\n<p>&nbsp;<\/p>\n<p>&nbsp;<\/p>\n<p><strong><u>XXV NIEDZIELA\u00a0 ZWYK\u0141A<\/u><\/strong><\/p>\n<p><strong><u>\u00a0<\/u><\/strong><\/p>\n<p>Ostatnia niedziela wrze\u015bnia. W najbli\u017csz\u0105 niedziel\u0119 1 pa\u017adziernika rozpoczynamy miesi\u0105c r\u00f3\u017ca\u0144cowy.<\/p>\n<p>Inne og\u0142oszenia dotycz\u0105ce pa\u017adziernika i R\u00f3\u017ca\u0144ca podam za tydzie\u0144.<\/p>\n<p>&nbsp;<\/p>\n<p>Zapraszam bardzo serdecznie na codzienn\u0105 msz\u0119 \u015bw. do naszego ko\u015bcio\u0142a. W \u015brod\u0119 r\u00f3\u017caniec za nasz\u0105 Ojczyzn\u0119 Nowenna do Matki Bo\u017cej Nieustaj\u0105cej Pomocy i msza \u015bw. Bardzo serdecznie prosz\u0119\u00a0\u00a0\u00a0\u00a0\u00a0\u00a0\u00a0\u00a0\u00a0\u00a0\u00a0\u00a0 o prywatn\u0105 modlitw\u0119 za nasz\u0105 Ojczyzn\u0119 \u017ceby\u015bmy w czasie wybor\u00f3w do parlamentu zachowali si\u0119 tak jak trzeba.<\/p>\n<p>&nbsp;<\/p>\n<p>W tym tygodniu spotkanie z dzie\u0107mi komunijnymi w pi\u0105tek o godz. 16:30.<\/p>\n<p>W \u015brod\u0119 o godz. 16:30 spotkanie z kandydatami na ministrant\u00f3w. Bardzo si\u0119 ciesz\u0119 , \u017ce zapisa\u0142o si\u0119 3 dziewczynki i 3 ch\u0142opc\u00f3w na ministrant\u00f3w i ministrantki.<\/p>\n<p>&nbsp;<\/p>\n<p>Zach\u0119cam do nabywnia prasy katolickiej.<\/p>\n<p>&nbsp;<\/p>\n<p>B\u00f3g zap\u0142a\u0107 za sprz\u0105tanie ko\u015bcio\u0142a w tym tygodniu. Nast\u0119pne sprz\u0105tanie b\u0119dzie w pi\u0105tek po wieczornej mszy \u015bw. Sprz\u0105taj\u0105 Panie: Danuta Kami\u0144ska Ma\u0142gorzata Merwa Krystyna Hulb\u00f3j i Zenis\u0142awa Piecha. Nie kupujemy kwiat\u00f3w.<\/p>\n<p>&nbsp;<\/p>\n<p>Kalendarz liturgiczny<\/p>\n<p>&nbsp;<\/p>\n<p>\u015aroda \u2013 wsp. \u015bw. Wincentego a Paulo kap\u0142ana<\/p>\n<p>Czwartek \u2013 wsp. \u015bw. Wac\u0142awa m\u0119czennika<\/p>\n<p>Pi\u0105tek \u2013 \u015bwi\u0119tych \u015bwi\u0119tych Archanio\u0142\u00f3w Micha\u0142a Gabriela i Rafa\u0142a.<\/p>\n<p>Sobota \u2013 wsp. \u015bw. Hieronima kap\u0142ana i doktora Ko\u015bcio\u0142a<\/p>\n<p>&nbsp;<\/p>\n<p>&nbsp;<\/p>\n<p>W ostatnim tygodniu odeszli z naszej rodziny parafialnej do Pana \u015bp. Maria S\u0142owiaczek i Piotr Dobija.<\/p>\n<p>Wieczny odpoczynek racz im da\u0107 Panie\u2026\u2026\u2026<\/p>\n<p>&nbsp;<\/p>\n","protected":false},"excerpt":{"rendered":"<p>Krzy\u017cowa 24 .IX. 2023r &nbsp; &nbsp; &nbsp; XXV NIEDZIELA\u00a0 ZWYK\u0141A \u00a0 Ostatnia niedziela wrze\u015bnia. W najbli\u017csz\u0105 niedziel\u0119 1 pa\u017adziernika rozpoczynamy miesi\u0105c r\u00f3\u017ca\u0144cowy. Inne og\u0142oszenia dotycz\u0105ce pa\u017adziernika i R\u00f3\u017ca\u0144ca podam za tydzie\u0144. &nbsp; Zapraszam bardzo serdecznie na codzienn\u0105 msz\u0119 \u015bw. do naszego ko\u015bcio\u0142a. W \u015brod\u0119 r\u00f3\u017caniec za nasz\u0105 Ojczyzn\u0119 Nowenna do Matki Bo\u017cej Nieustaj\u0105cej Pomocy i [&hellip;]<\/p>\n","protected":false},"author":0,"featured_media":0,"comment_status":"closed","ping_status":"closed","sticky":false,"template":"","format":"standard","meta":{"ngg_post_thumbnail":0,"footnotes":""},"categories":[3],"tags":[],"class_list":["post-3483","post","type-post","status-publish","format-standard","hentry","category-ogloszenia"],"aioseo_notices":[],"_links":{"self":[{"href":"https:\/\/parafiakrzyzowa.pl\/index.php?rest_route=\/wp\/v2\/posts\/3483","targetHints":{"allow":["GET"]}}],"collection":[{"href":"https:\/\/parafiakrzyzowa.pl\/index.php?rest_route=\/wp\/v2\/posts"}],"about":[{"href":"https:\/\/parafiakrzyzowa.pl\/index.php?rest_route=\/wp\/v2\/types\/post"}],"replies":[{"embeddable":true,"href":"https:\/\/parafiakrzyzowa.pl\/index.php?rest_route=%2Fwp%2Fv2%2Fcomments&post=3483"}],"version-history":[{"count":1,"href":"https:\/\/parafiakrzyzowa.pl\/index.php?rest_route=\/wp\/v2\/posts\/3483\/revisions"}],"predecessor-version":[{"id":3485,"href":"https:\/\/parafiakrzyzowa.pl\/index.php?rest_route=\/wp\/v2\/posts\/3483\/revisions\/3485"}],"wp:attachment":[{"href":"https:\/\/parafiakrzyzowa.pl\/index.php?rest_route=%2Fwp%2Fv2%2Fmedia&parent=3483"}],"wp:term":[{"taxonomy":"category","embeddable":true,"href":"https:\/\/parafiakrzyzowa.pl\/index.php?rest_route=%2Fwp%2Fv2%2Fcategories&post=3483"},{"taxonomy":"post_tag","embeddable":true,"href":"https:\/\/parafiakrzyzowa.pl\/index.php?rest_route=%2Fwp%2Fv2%2Ftags&post=3483"}],"curies":[{"name":"wp","href":"https:\/\/api.w.org\/{rel}","templated":true}]}}