{"id":3505,"date":"2023-10-07T12:39:22","date_gmt":"2023-10-07T12:39:22","guid":{"rendered":"https:\/\/parafiakrzyzowa.pl\/?p=3505"},"modified":"2023-10-07T12:39:29","modified_gmt":"2023-10-07T12:39:29","slug":"3505","status":"publish","type":"post","link":"https:\/\/parafiakrzyzowa.pl\/?p=3505","title":{"rendered":""},"content":{"rendered":"<p>Krzy\u017cowa 8 .X. 2023r<\/p>\n<p>&nbsp;<\/p>\n<p>&nbsp;<\/p>\n<p>&nbsp;<\/p>\n<p><strong><u>XXVII \u00a0NIEDZIELA\u00a0 ZWYK\u0141A<\/u><\/strong><\/p>\n<p><strong><u>\u00a0<\/u><\/strong><\/p>\n<p>Zapraszam jeszcze dzisiaj na R\u00f3\u017caniec o godz. 17:30 . W dni powszednie msze \u015bw. s\u0105 o godz. 17\u00a0\u00a0\u00a0\u00a0 a po mszach \u015bw. modlitwa r\u00f3\u017ca\u0144cowa. Zapraszam bardzo gor\u0105co ca\u0142\u0105 nasz\u0105 parafi\u0119. Jeszcze przez ca\u0142y tydzie\u0144 modlimy si\u0119 za nasz\u0105 Ojczyzn\u0119 i za nasz nar\u00f3d przed wyborami do sejmu i Senatu kt\u00f3re odb\u0119d\u0105 si\u0119 za tydzie\u0144 15 pa\u017adziernika. Bardzo was prosz\u0119 id\u017acie na wybory poniewa\u017c naprawd\u0119\u00a0 \u00a0 \u00a0 \u00a0 w tych wyborach b\u0119dzie si\u0119 decydowa\u0142y losy Polski.<\/p>\n<p>&nbsp;<\/p>\n<p>&nbsp;<\/p>\n<p>W tym tygodniu r\u00f3\u017caniec prowadz\u0105 w pon. klasa I szk\u00f3\u0142 \u015brednich wt. klasa II szko\u0142y podstawowej. \u015broda\u00a0 I R\u00f3\u017ca \u015bw. Jana Paw\u0142a II czwartek II R\u00f3\u017ca \u015bw. Anny pi\u0105tek III R\u00f3\u017ca \u015bw. Faustyny sob. IV R\u00f3\u017ca\u00a0 b\u0142. ks. Jerzego Popie\u0142uszki<\/p>\n<p>&nbsp;<\/p>\n<p>&nbsp;<\/p>\n<p>W ka\u017cdym wojew\u00f3dztwie gmina kt\u00f3ra b\u0119dzie mia\u0142a najwy\u017csz\u0105 frekwencj\u0119 otrzyma na remonty stra\u017cnic OSP milion z\u0142otych. 4 lata temu gmina Koszarawa otrzyma\u0142a milion z\u0142otych na nowy bojowy w\u00f3z stra\u017cacki.<\/p>\n<p>&nbsp;<\/p>\n<p>Za tydzie\u0144 w Polsce b\u0119dziemy prze\u017cywali XXIII Dzie\u0144 papieski. Po ka\u017cdej mszy \u015bw. lektorzy b\u0119d\u0105 zbiera\u0107 ofiary przed ko\u015bcio\u0142em na fundusz stypendialny.<\/p>\n<p>&nbsp;<\/p>\n<p>Dzi\u015b nasi stra\u017cacy b\u0119d\u0105 zbiera\u0107 ofiary na zakup samochodu na potrzeby stra\u017cackie.<\/p>\n<p>&nbsp;<\/p>\n<p>Spotkania w tym tygodniu. W \u015brod\u0119 o godz. 16 z kandydatami na ministrant\u00f3w w pi\u0105tek o godz. 16 z dzie\u0107mi komunijnymi.<\/p>\n<p>&nbsp;<\/p>\n<p>Zach\u0119cam do nabywania prasy katolickiej. Dzi\u015b numer zwyk\u0142y i numer nadzwyczajny.<\/p>\n<p>&nbsp;<\/p>\n<p>B\u00f3g zap\u0142a\u0107 za sprz\u0105tanie ko\u015bcio\u0142a w tym tygodniu. Nast\u0119pne sprz\u0105tanie w pi\u0105tek po wieczornej mszy \u015bw. Sprz\u0105taj\u0105 Panie: Ma\u0142gorzata Barcik Bo\u017cena Pastor Katarzyna Klimczak i Renata Lach<\/p>\n<p>&nbsp;<\/p>\n<p>Kalendarz Liturgiczny<\/p>\n<p>&nbsp;<\/p>\n<p>Pi\u0105tek \u2013 wsp. b\u0142. Honorata Ko\u017ami\u0144skiego kap\u0142ana<\/p>\n<p>&nbsp;<\/p>\n<p>&nbsp;<\/p>\n","protected":false},"excerpt":{"rendered":"<p>Krzy\u017cowa 8 .X. 2023r &nbsp; &nbsp; &nbsp; XXVII \u00a0NIEDZIELA\u00a0 ZWYK\u0141A \u00a0 Zapraszam jeszcze dzisiaj na R\u00f3\u017caniec o godz. 17:30 . W dni powszednie msze \u015bw. s\u0105 o godz. 17\u00a0\u00a0\u00a0\u00a0 a po mszach \u015bw. modlitwa r\u00f3\u017ca\u0144cowa. Zapraszam bardzo gor\u0105co ca\u0142\u0105 nasz\u0105 parafi\u0119. Jeszcze przez ca\u0142y tydzie\u0144 modlimy si\u0119 za nasz\u0105 Ojczyzn\u0119 i za nasz nar\u00f3d przed [&hellip;]<\/p>\n","protected":false},"author":0,"featured_media":0,"comment_status":"closed","ping_status":"closed","sticky":false,"template":"","format":"standard","meta":{"ngg_post_thumbnail":0,"footnotes":""},"categories":[3],"tags":[],"class_list":["post-3505","post","type-post","status-publish","format-standard","hentry","category-ogloszenia"],"aioseo_notices":[],"_links":{"self":[{"href":"https:\/\/parafiakrzyzowa.pl\/index.php?rest_route=\/wp\/v2\/posts\/3505","targetHints":{"allow":["GET"]}}],"collection":[{"href":"https:\/\/parafiakrzyzowa.pl\/index.php?rest_route=\/wp\/v2\/posts"}],"about":[{"href":"https:\/\/parafiakrzyzowa.pl\/index.php?rest_route=\/wp\/v2\/types\/post"}],"replies":[{"embeddable":true,"href":"https:\/\/parafiakrzyzowa.pl\/index.php?rest_route=%2Fwp%2Fv2%2Fcomments&post=3505"}],"version-history":[{"count":1,"href":"https:\/\/parafiakrzyzowa.pl\/index.php?rest_route=\/wp\/v2\/posts\/3505\/revisions"}],"predecessor-version":[{"id":3506,"href":"https:\/\/parafiakrzyzowa.pl\/index.php?rest_route=\/wp\/v2\/posts\/3505\/revisions\/3506"}],"wp:attachment":[{"href":"https:\/\/parafiakrzyzowa.pl\/index.php?rest_route=%2Fwp%2Fv2%2Fmedia&parent=3505"}],"wp:term":[{"taxonomy":"category","embeddable":true,"href":"https:\/\/parafiakrzyzowa.pl\/index.php?rest_route=%2Fwp%2Fv2%2Fcategories&post=3505"},{"taxonomy":"post_tag","embeddable":true,"href":"https:\/\/parafiakrzyzowa.pl\/index.php?rest_route=%2Fwp%2Fv2%2Ftags&post=3505"}],"curies":[{"name":"wp","href":"https:\/\/api.w.org\/{rel}","templated":true}]}}