{"id":3728,"date":"2024-04-20T11:00:14","date_gmt":"2024-04-20T11:00:14","guid":{"rendered":"https:\/\/parafiakrzyzowa.pl\/?p=3728"},"modified":"2024-04-20T11:00:21","modified_gmt":"2024-04-20T11:00:21","slug":"3728","status":"publish","type":"post","link":"https:\/\/parafiakrzyzowa.pl\/?p=3728","title":{"rendered":""},"content":{"rendered":"<p><strong><u>INTENCJE\u00a0 MSZY \u015aWI\u0118TYCH<\/u><\/strong><\/p>\n<p><strong><u>\u00a0<\/u><\/strong><\/p>\n<p><strong><u>NIEDZIELA 21. IV. 2024r.<\/u><\/strong><\/p>\n<p><strong><u>\u00a0<\/u><\/strong><\/p>\n<p>Godz. 8:00 &#8211;\u00a0\u00a0 \u00a0+\u00a0 \u00a0J\u00f3zef Matejczyk w 25r. \u015bmierci<\/p>\n<p>&nbsp;<\/p>\n<p>Godz. 10\u00a0\u00a0\u00a0 &#8211; \u00a0\u00a0\u00a0\u00a0\u00a0\u00a0\u00a0O zdrowie i b\u0142. Bo\u017ce Klary Magdaleny Pietraszko w dniu Chrztu \u015bw.<\/p>\n<p>&#8211;\u00a0\u00a0\u00a0\u00a0 + Czes\u0142aw Z\u0105bek w 2r. \u015bmierci<\/p>\n<p>&nbsp;<\/p>\n<p>Godz.18\u00a0\u00a0 &#8211; \u00a0\u00a0\u00a0\u00a0\u00a0+ Ma\u0142gorzata Goldman w 1r. \u015bmkierci<\/p>\n<p><strong><u>\u00a0<\/u><\/strong><\/p>\n<p><strong><u>PONIEDZIA\u0141EK 22. IV. 2024r<\/u><\/strong><u>. <\/u><\/p>\n<p>&nbsp;<\/p>\n<p>Godz. 18\u00a0\u00a0\u00a0 \u00a0&#8211;\u00a0\u00a0\u00a0\u00a0 + Micha\u0142 G\u00f3ra<\/p>\n<p><strong><u>\u00a0<\/u><\/strong><\/p>\n<p><strong><u>WTOREK 23. IV. 2024r.<\/u><\/strong><\/p>\n<p>&nbsp;<\/p>\n<p>Godz. 7:00 \u00a0&#8211;\u00a0\u00a0\u00a0 \u00a0\u00a0\u00a0\u00a0\u00a0\u00a0W intencji Parafian<\/p>\n<p>&nbsp;<\/p>\n<p><strong><u>\u015aRODA 24 .IV. 2024r. <\/u><\/strong><\/p>\n<p>&nbsp;<\/p>\n<p>Godz. 18 \u00a0\u00a0\u00a0&#8211;\u00a0 \u00a0\u00a0\u00a0\u00a0++ Eugeniusz Motyka w 9r. \u015bmierci \u017cona Maria<\/p>\n<p>&nbsp;<\/p>\n<p><strong><u>CZWARTEK 25. IV. 2024r.<\/u><\/strong><\/p>\n<p>&nbsp;<\/p>\n<p>Godz. 7:00 &#8211; \u00a0\u00a0\u00a0\u00a0\u00a0\u00a0+ Anna Pierlak<\/p>\n<p><strong><u>\u00a0<\/u><\/strong><\/p>\n<p><strong><u>PI\u0104TEK 26. IV. 2024r.<\/u><\/strong><\/p>\n<p>&nbsp;<\/p>\n<p>Godz. 18 \u00a0\u00a0\u00a0&#8211; \u00a0\u00a0\u00a0\u00a0\u00a0\u00a0\u00a0+ Agata Krzy\u017cowska<\/p>\n<p>&nbsp;<\/p>\n<p><strong><u>SOBOTA 27.IV. 2024r<\/u><\/strong><strong>.\u00a0\u00a0\u00a0 <\/strong><\/p>\n<p><strong>\u00a0<\/strong><\/p>\n<p>Godz.18<strong>\u00a0\u00a0\u00a0 &#8211;\u00a0\u00a0 \u00a0\u00a0<\/strong>++ Anna Michalec w 7r. \u015bmierci syn Krzysztof<\/p>\n<p><strong>\u00a0<\/strong><\/p>\n<p><strong><u>NIEDZIELA\u00a0 28. IV. 2024r<\/u><\/strong><strong><u>.<\/u><\/strong><\/p>\n<p>&nbsp;<\/p>\n<p>Godz. 8:00\u00a0 &#8211;\u00a0\u00a0\u00a0 ++ W\u0142adys\u0142awa i\u00a0 J\u00f3zef Krzesakowie<\/p>\n<p>&nbsp;<\/p>\n<p>Godz. 10 \u00a0\u00a0\u00a0\u00a0&#8211;\u00a0 \u00a0\u00a0\u00a0\u00a0\u00a0+ Stanis\u0142aw \u0141oboz w 7r. \u015bmierci<\/p>\n<p>&nbsp;<\/p>\n<p>Godz. 18\u00a0\u00a0\u00a0\u00a0 &#8211;\u00a0\u00a0\u00a0\u00a0 ++ J\u00f3zef Pastor syn Stanis\u0142aw<\/p>\n<p>&nbsp;<\/p>\n<p>&nbsp;<\/p>\n<p>&nbsp;<\/p>\n","protected":false},"excerpt":{"rendered":"<p>INTENCJE\u00a0 MSZY \u015aWI\u0118TYCH \u00a0 NIEDZIELA 21. IV. 2024r. \u00a0 Godz. 8:00 &#8211;\u00a0\u00a0 \u00a0+\u00a0 \u00a0J\u00f3zef Matejczyk w 25r. \u015bmierci &nbsp; Godz. 10\u00a0\u00a0\u00a0 &#8211; \u00a0\u00a0\u00a0\u00a0\u00a0\u00a0\u00a0O zdrowie i b\u0142. Bo\u017ce Klary Magdaleny Pietraszko w dniu Chrztu \u015bw. &#8211;\u00a0\u00a0\u00a0\u00a0 + Czes\u0142aw Z\u0105bek w 2r. \u015bmierci &nbsp; Godz.18\u00a0\u00a0 &#8211; \u00a0\u00a0\u00a0\u00a0\u00a0+ Ma\u0142gorzata Goldman w 1r. \u015bmkierci \u00a0 PONIEDZIA\u0141EK 22. IV. 2024r. [&hellip;]<\/p>\n","protected":false},"author":0,"featured_media":0,"comment_status":"closed","ping_status":"closed","sticky":false,"template":"","format":"standard","meta":{"ngg_post_thumbnail":0,"footnotes":""},"categories":[7],"tags":[],"class_list":["post-3728","post","type-post","status-publish","format-standard","hentry","category-intencje"],"aioseo_notices":[],"_links":{"self":[{"href":"https:\/\/parafiakrzyzowa.pl\/index.php?rest_route=\/wp\/v2\/posts\/3728","targetHints":{"allow":["GET"]}}],"collection":[{"href":"https:\/\/parafiakrzyzowa.pl\/index.php?rest_route=\/wp\/v2\/posts"}],"about":[{"href":"https:\/\/parafiakrzyzowa.pl\/index.php?rest_route=\/wp\/v2\/types\/post"}],"replies":[{"embeddable":true,"href":"https:\/\/parafiakrzyzowa.pl\/index.php?rest_route=%2Fwp%2Fv2%2Fcomments&post=3728"}],"version-history":[{"count":1,"href":"https:\/\/parafiakrzyzowa.pl\/index.php?rest_route=\/wp\/v2\/posts\/3728\/revisions"}],"predecessor-version":[{"id":3729,"href":"https:\/\/parafiakrzyzowa.pl\/index.php?rest_route=\/wp\/v2\/posts\/3728\/revisions\/3729"}],"wp:attachment":[{"href":"https:\/\/parafiakrzyzowa.pl\/index.php?rest_route=%2Fwp%2Fv2%2Fmedia&parent=3728"}],"wp:term":[{"taxonomy":"category","embeddable":true,"href":"https:\/\/parafiakrzyzowa.pl\/index.php?rest_route=%2Fwp%2Fv2%2Fcategories&post=3728"},{"taxonomy":"post_tag","embeddable":true,"href":"https:\/\/parafiakrzyzowa.pl\/index.php?rest_route=%2Fwp%2Fv2%2Ftags&post=3728"}],"curies":[{"name":"wp","href":"https:\/\/api.w.org\/{rel}","templated":true}]}}