{"id":3746,"date":"2024-05-04T08:43:40","date_gmt":"2024-05-04T08:43:40","guid":{"rendered":"https:\/\/parafiakrzyzowa.pl\/?p=3746"},"modified":"2024-05-04T08:43:44","modified_gmt":"2024-05-04T08:43:44","slug":"3746","status":"publish","type":"post","link":"https:\/\/parafiakrzyzowa.pl\/?p=3746","title":{"rendered":""},"content":{"rendered":"<p>Krzy\u017cowa 5. V. 2024 r.<\/p>\n<p>&nbsp;<\/p>\n<p>&nbsp;<\/p>\n<p><strong><u>VI NIEDZIELA WIELKANOCNA<\/u><\/strong><\/p>\n<p>&nbsp;<\/p>\n<p>&nbsp;<\/p>\n<p>&nbsp;<\/p>\n<p>&nbsp;<\/p>\n<p>Dzi\u015b przypada I niedziela maja . Po ka\u017cdej mszy \u015bwi\u0119tej adoracja Pana Jezusa w Naj\u015bwi\u0119tszym Sakramencie.<\/p>\n<p>&nbsp;<\/p>\n<p>W naszej Parafii prze\u017cywamy dzi\u015b na mszy \u015bwi\u0119tej o godz. 10 uroczysto\u015b\u0107 I Komunii \u015bwi\u0119tej.<\/p>\n<p>15 dzieci po raz pierwszy przyjm\u0105 na mszy \u015bw. Chrystusowe Cia\u0142o . Bardzo serdecznie m\u00f3dlmy si\u0119 z te dzieci i ich rodziny o wierno\u015b\u0107 Panu Jezusowi i \u017ceby ten Niebieski Pokarm by\u0142 dla nich na \u017cycie wieczne.<\/p>\n<p>Dzi\u015b jeszcze dla dzieci komunijnych b\u0119dzie nabo\u017ce\u0144stwo majowe o godz. 15\u00a0 na kt\u00f3re dzieci przynios\u0105 \u015bwiece chrzcielne na odnowienie przyrzecze\u0144 chrzcielnych.<\/p>\n<p>Od jutra dzieci komunijne b\u0119d\u0105 prze\u017cywa\u0142y Bia\u0142y tydzie\u0144. Przez ca\u0142y tydzie\u0144 do soboty w strojach komunijnych dzieci b\u0119d\u0105 uczestniczy\u0142y we mszy \u015bw. o godz. 18 i nabo\u017ce\u0144stwie majowym.<\/p>\n<p>&nbsp;<\/p>\n<p>Bardzo serdecznie zapraszam ca\u0142\u0105 parafi\u0119 na codzienn\u0105 msz\u0119 \u015bw. i maj\u00f3wki . W \u015brod\u0119 jak zwykle r\u00f3\u017caniec za nasz\u0105 Ojczyzn\u0119.<\/p>\n<p>&nbsp;<\/p>\n<p>W najbli\u017csz\u0105 niedziel\u0119 12 maja na mszy \u015bw. o godz. 10 dzieci z klasy IV b\u0119d\u0105 prze\u017cywa\u0142y rocznic\u0119\u00a0\u00a0\u00a0 I Komunii \u015bw.\u00a0 Spotkanie z dzie\u0107mi z klasy IV b\u0119dzie w pi\u0105tek o godz. 17.<\/p>\n<p>&nbsp;<\/p>\n<p>Bardzo serdecznie dzi\u0119kuj\u0119 m\u0142odzie\u017cy kt\u00f3ra przyj\u0119\u0142a sakrament Bierzmowania i rodzicom za pi\u0119kne duchowe i zewn\u0119trzne przygotowanie tej uroczysto\u015bci.<\/p>\n<p>&nbsp;<\/p>\n<p>Zach\u0119cam do nabywania prasy katolickiej.<\/p>\n<p>&nbsp;<\/p>\n<p>Dzi\u0119kuj\u0119 rodzicom dzieci komunijnych za pi\u0119kne przygotowanie ko\u015bcio\u0142a do tej uroczysto\u015bci za prace wok\u00f3\u0142 ko\u015bcio\u0142a i panom z Krzy\u017c\u00f3wek za sprz\u0105tanie ko\u015bcio\u0142a w sobot\u0119. Nast\u0119pne sprz\u0105tanie b\u0119dzie w pi\u0105tek po wieczornej mszy \u015bw. Sprz\u0105taj\u0105 Panie: Ewa P\u0142aza Danuta Kuglarz Anna Wylecia\u0142 i Barbara Basik<\/p>\n<p>&nbsp;<\/p>\n<p>Kalendarz liturgiczny<\/p>\n<p>&nbsp;<\/p>\n<p>Poniedzia\u0142ek \u2013 \u015bwi\u0119to Aposto\u0142\u00f3w Filipa i Jakuba<\/p>\n<p>\u015aroda \u2013 uroczysto\u015b\u0107 \u015bw. Stanis\u0142aw Biskupa i m\u0119czennika Patrona Polski<\/p>\n","protected":false},"excerpt":{"rendered":"<p>Krzy\u017cowa 5. V. 2024 r. &nbsp; &nbsp; VI NIEDZIELA WIELKANOCNA &nbsp; &nbsp; &nbsp; &nbsp; Dzi\u015b przypada I niedziela maja . Po ka\u017cdej mszy \u015bwi\u0119tej adoracja Pana Jezusa w Naj\u015bwi\u0119tszym Sakramencie. &nbsp; W naszej Parafii prze\u017cywamy dzi\u015b na mszy \u015bwi\u0119tej o godz. 10 uroczysto\u015b\u0107 I Komunii \u015bwi\u0119tej. 15 dzieci po raz pierwszy przyjm\u0105 na mszy \u015bw. [&hellip;]<\/p>\n","protected":false},"author":0,"featured_media":0,"comment_status":"closed","ping_status":"closed","sticky":false,"template":"","format":"standard","meta":{"ngg_post_thumbnail":0,"footnotes":""},"categories":[3],"tags":[],"class_list":["post-3746","post","type-post","status-publish","format-standard","hentry","category-ogloszenia"],"aioseo_notices":[],"_links":{"self":[{"href":"https:\/\/parafiakrzyzowa.pl\/index.php?rest_route=\/wp\/v2\/posts\/3746","targetHints":{"allow":["GET"]}}],"collection":[{"href":"https:\/\/parafiakrzyzowa.pl\/index.php?rest_route=\/wp\/v2\/posts"}],"about":[{"href":"https:\/\/parafiakrzyzowa.pl\/index.php?rest_route=\/wp\/v2\/types\/post"}],"replies":[{"embeddable":true,"href":"https:\/\/parafiakrzyzowa.pl\/index.php?rest_route=%2Fwp%2Fv2%2Fcomments&post=3746"}],"version-history":[{"count":1,"href":"https:\/\/parafiakrzyzowa.pl\/index.php?rest_route=\/wp\/v2\/posts\/3746\/revisions"}],"predecessor-version":[{"id":3747,"href":"https:\/\/parafiakrzyzowa.pl\/index.php?rest_route=\/wp\/v2\/posts\/3746\/revisions\/3747"}],"wp:attachment":[{"href":"https:\/\/parafiakrzyzowa.pl\/index.php?rest_route=%2Fwp%2Fv2%2Fmedia&parent=3746"}],"wp:term":[{"taxonomy":"category","embeddable":true,"href":"https:\/\/parafiakrzyzowa.pl\/index.php?rest_route=%2Fwp%2Fv2%2Fcategories&post=3746"},{"taxonomy":"post_tag","embeddable":true,"href":"https:\/\/parafiakrzyzowa.pl\/index.php?rest_route=%2Fwp%2Fv2%2Ftags&post=3746"}],"curies":[{"name":"wp","href":"https:\/\/api.w.org\/{rel}","templated":true}]}}