{"id":3764,"date":"2024-05-18T06:39:59","date_gmt":"2024-05-18T06:39:59","guid":{"rendered":"https:\/\/parafiakrzyzowa.pl\/?p=3764"},"modified":"2024-05-18T06:40:06","modified_gmt":"2024-05-18T06:40:06","slug":"3764","status":"publish","type":"post","link":"https:\/\/parafiakrzyzowa.pl\/?p=3764","title":{"rendered":""},"content":{"rendered":"<p>&nbsp;<\/p>\n<p>Krzy\u017cowa 19.V. 2024r.<\/p>\n<p>&nbsp;<\/p>\n<p>&nbsp;<\/p>\n<p><strong><u>ZES\u0141ANIE DUCHA \u015aWI\u0118TEGO<\/u><\/strong><\/p>\n<p>&nbsp;<\/p>\n<p>Dzisiejsza uroczysto\u015b\u0107 Zes\u0142ania Ducha \u015awi\u0119tego ko\u0144czy w liturgii okres wielkanocny.<\/p>\n<p>&nbsp;<\/p>\n<p>Jutro II Dzie\u0144\u00a0 dzisiejszej uroczysto\u015bci \u015bwi\u0119to Naj\u015bwi\u0119tszej Maryi Panny Matki Ko\u015bcio\u0142a.\u00a0 Msze \u015bw. b\u0119d\u0105 o godz. 8:00 i 18 wieczorem. Jutro nabo\u017ce\u0144stwo majowe tak jak w niedziele i \u015bwi\u0119ta o godz. 17:30. Poniedzia\u0142ek i dniem normalnej pracy.<\/p>\n<p>&nbsp;<\/p>\n<p>Bardzo serdecznie zapraszam na codzienn\u0105 msz\u0119 \u015bw. i nabo\u017ce\u0144stwo majowe po mszy \u015bwi\u0119tej. Pro\u015bmy Matk\u0119 Bo\u017c\u0105 o opiek\u0105 nad nasz\u0105 Ojczyzn\u0105 w kt\u00f3rej dzieje si\u0119 coraz gorzej i coraz trudniej b\u0119dzie nam si\u0119 \u017cy\u0142o.<\/p>\n<p>&nbsp;<\/p>\n<p>W \u015brod\u0119 przed msz\u0105 \u015bw. jak zwykle R\u00f3\u017caniec za Ojczyzn\u0119 . Serdecznie zapraszam .<\/p>\n<p>&nbsp;<\/p>\n<p>Rada Duszpasterska zebra\u0142a w ostatni\u0105 niedziel\u0119 na prace przy cmentarzu \u2026\u2026\u2026 Bardzo serdecznie dzi\u0119kuj\u0119<\/p>\n<p>&nbsp;<\/p>\n<p>Ju\u017c dzisiaj og\u0142aszam , \u017ce odpust w naszej parafii ku czci Niepokalanego Serca Naj\u015bwi\u0119tszej Maryi Panny b\u0119dzie w niedziel\u0119 9 czerwca, a suma odpustowa b\u0119dzie\u00a0 \u00a0o 11:30.<\/p>\n<p>&nbsp;<\/p>\n<p>Zach\u0119cam do nabywania prasy katolickiej.<\/p>\n<p>&nbsp;<\/p>\n<p>B\u00f3g zap\u0142a\u0107 za sprz\u0105tanie ko\u015bcio\u0142a w tym tygodniu. Nast\u0119pne sprz\u0105tanie b\u0119dzie w pi\u0105tek po wieczornej mszy \u015bw. Sprz\u0105taj\u0105 Panie : Maria Krzy\u017cowska Lucyna Kormaniak Beata Kormaniak\u00a0 \u00a0 \u00a0 \u00a0 \u00a0i Halina \u0141ysie\u0144.\u00a0 Nie kupujemy kwiat\u00f3w.<\/p>\n<p>&nbsp;<\/p>\n<p>Kalendarz liturgiczny<\/p>\n<p>&nbsp;<\/p>\n<p>Poniedzia\u0142ek \u2013 \u015bwi\u0119to NMPanny Matki Ko\u015bcio\u0142a<\/p>\n<p>Wtorek \u2013 wsp. \u015bw. Jana Nepomucena kap\u0142ana i m\u0119czennika<\/p>\n<p>Czwartek \u2013 \u015bwi\u0119to Jezusa Chrystusa Najwy\u017cszego i Wiecznego Kap\u0142ana.<\/p>\n<p>Pi\u0105tek \u2013 wsp. Naj\u015bwi\u0119tszej Maryi Panny Wspomo\u017cycielki Wiernych<\/p>\n<p>&nbsp;<\/p>\n<p>W sobot\u0119 25 maja w katedrze \u015bw. Miko\u0142aja w Bielsku Bia\u0142ej ks. bp Roman Pindel udzieli \u015bwi\u0119ce\u0144 kap\u0142a\u0144skich 6 diakonom naszej diecezji.<\/p>\n","protected":false},"excerpt":{"rendered":"<p>&nbsp; Krzy\u017cowa 19.V. 2024r. &nbsp; &nbsp; ZES\u0141ANIE DUCHA \u015aWI\u0118TEGO &nbsp; Dzisiejsza uroczysto\u015b\u0107 Zes\u0142ania Ducha \u015awi\u0119tego ko\u0144czy w liturgii okres wielkanocny. &nbsp; Jutro II Dzie\u0144\u00a0 dzisiejszej uroczysto\u015bci \u015bwi\u0119to Naj\u015bwi\u0119tszej Maryi Panny Matki Ko\u015bcio\u0142a.\u00a0 Msze \u015bw. b\u0119d\u0105 o godz. 8:00 i 18 wieczorem. Jutro nabo\u017ce\u0144stwo majowe tak jak w niedziele i \u015bwi\u0119ta o godz. 17:30. Poniedzia\u0142ek i [&hellip;]<\/p>\n","protected":false},"author":0,"featured_media":0,"comment_status":"closed","ping_status":"closed","sticky":false,"template":"","format":"standard","meta":{"ngg_post_thumbnail":0,"footnotes":""},"categories":[3],"tags":[],"class_list":["post-3764","post","type-post","status-publish","format-standard","hentry","category-ogloszenia"],"aioseo_notices":[],"_links":{"self":[{"href":"https:\/\/parafiakrzyzowa.pl\/index.php?rest_route=\/wp\/v2\/posts\/3764","targetHints":{"allow":["GET"]}}],"collection":[{"href":"https:\/\/parafiakrzyzowa.pl\/index.php?rest_route=\/wp\/v2\/posts"}],"about":[{"href":"https:\/\/parafiakrzyzowa.pl\/index.php?rest_route=\/wp\/v2\/types\/post"}],"replies":[{"embeddable":true,"href":"https:\/\/parafiakrzyzowa.pl\/index.php?rest_route=%2Fwp%2Fv2%2Fcomments&post=3764"}],"version-history":[{"count":1,"href":"https:\/\/parafiakrzyzowa.pl\/index.php?rest_route=\/wp\/v2\/posts\/3764\/revisions"}],"predecessor-version":[{"id":3765,"href":"https:\/\/parafiakrzyzowa.pl\/index.php?rest_route=\/wp\/v2\/posts\/3764\/revisions\/3765"}],"wp:attachment":[{"href":"https:\/\/parafiakrzyzowa.pl\/index.php?rest_route=%2Fwp%2Fv2%2Fmedia&parent=3764"}],"wp:term":[{"taxonomy":"category","embeddable":true,"href":"https:\/\/parafiakrzyzowa.pl\/index.php?rest_route=%2Fwp%2Fv2%2Fcategories&post=3764"},{"taxonomy":"post_tag","embeddable":true,"href":"https:\/\/parafiakrzyzowa.pl\/index.php?rest_route=%2Fwp%2Fv2%2Ftags&post=3764"}],"curies":[{"name":"wp","href":"https:\/\/api.w.org\/{rel}","templated":true}]}}