{"id":3772,"date":"2024-05-25T08:11:49","date_gmt":"2024-05-25T08:11:49","guid":{"rendered":"https:\/\/parafiakrzyzowa.pl\/?p=3772"},"modified":"2024-05-25T08:11:57","modified_gmt":"2024-05-25T08:11:57","slug":"3772","status":"publish","type":"post","link":"https:\/\/parafiakrzyzowa.pl\/?p=3772","title":{"rendered":""},"content":{"rendered":"<p>Krzy\u017cowa 26.V. 2024r.<\/p>\n<p>&nbsp;<\/p>\n<p>&nbsp;<\/p>\n<p><strong><u>TR\u00d3JCY PRZENAJ\u015aWI\u0118TSZEJ<\/u><\/strong><\/p>\n<p>&nbsp;<\/p>\n<p>Prze\u017cywamy w Ko\u015bciele wielk\u0105 tajemnic\u0119 Boga w Trzech osobach. Przypominam , \u017ce dzisiaj jest Dzie\u0144 Matki . Pami\u0119tajmy o naszych mamach tych kt\u00f3re s\u0105 ju\u017c w niebie\u00a0\u00a0\u00a0\u00a0\u00a0\u00a0\u00a0\u00a0 i\u00a0 o tych\u00a0\u00a0 kt\u00f3re s\u0105 miedzy nami .<\/p>\n<p>&nbsp;<\/p>\n<p>Zapraszam jeszcze dzisiaj na nabo\u017ce\u0144stwo majowe o godz. 17:30. To ju\u017c ostatni tydzie\u0144 maj\u00f3wek na kt\u00f3re nieustannie serdecznie zapraszam . Ostatnie nabo\u017ce\u0144stwo do Matki Bo\u017cej w pi\u0105tek.<\/p>\n<p>&nbsp;<\/p>\n<p>W czwartek przypada uroczysto\u015b\u0107 Naj\u015bwi\u0119tszego Cia\u0142a i Krwi Pana Jezusa czyli Bo\u017ce Cia\u0142o. Msze \u015bw. w porz\u0105dku niedzielnym a po mszy \u015bw. o godz. 10 procesja z Naj\u015bwi\u0119tszym Sakramentem do 4 O\u0142tarzy.\u00a0 O\u0142tarze przygotowuj\u0105 poszczeg\u00f3lne cz\u0119\u015bci parafii wed\u0142ug ustalonego porz\u0105dku. Zapraszam bardzo serdecznie na procesj\u0119 ca\u0142\u0105 parafi\u0119 ale szczeg\u00f3lnie dzieci pierwszokomunijne w strojach stra\u017cak\u00f3w i poczty sztandarowe Ko\u0142a Gospody\u0144 Wiejskich w strojach ludowych .Zapraszam dziewczynki do sypania kwiat\u00f3w i ch\u0142opc\u00f3w z dzwoneczkami. \u00a0To jest nasze publiczne wyznanie wiary w obecno\u015b\u0107 Pana Jezusa w \u015bwi\u0119tej Hostii. Niech to wyznanie b\u0119dzie uroczyste\u00a0\u00a0\u00a0\u00a0\u00a0\u00a0\u00a0\u00a0\u00a0\u00a0\u00a0\u00a0\u00a0 \u00a0i g\u0142\u0119bokie.<\/p>\n<p>Po Bo\u017cym Ciele codziennie po wieczornej mszy \u015bwi\u0119tej b\u0119dzie procesja z Panem Jezusem wok\u00f3\u0142 ko\u015bcio\u0142a. I tutaj zapraszam codziennie dziewczynki i ch\u0142opc\u00f3w do sypania kwiat\u00f3w a Pan\u00f3w do niesienia baldachimu.<\/p>\n<p>&nbsp;<\/p>\n<p>W tym tygodniu przypada I sobota miesi\u0105ca. W czerwcu b\u0119dziemy odprawia\u0107 nabo\u017ce\u0144stwa do Serca Pana Jezusa.<\/p>\n<p>W najbli\u017csz\u0105 sobot\u0119 pierwsza w tym roku msza \u015bw. w kaplicy w Krzy\u017c\u00f3wkach\u00a0 o godz. 19.<\/p>\n<p>W ostatni pi\u0105tek odszed\u0142 do Pana po wieczn\u0105 nagrod\u0119 emerytowany biskup pomocniczy naszej diecezji Janusz Zimniak . Prosz\u0119 o modlitw\u0119 za zmar\u0142ego naszego pasterza.<\/p>\n<p>&nbsp;<\/p>\n<p>B\u00f3g zap\u0142a\u0107 za sprz\u0105tanie ko\u015bcio\u0142a w tym tygodniu. Nast\u0119pne sprz\u0105tanie b\u0119dzie w pi\u0105tek po wieczornej mszy \u015bw. Nie kupujemy kwiat\u00f3w. Sprz\u0105taj\u0105 Panie: Jadwiga Gaczorek\u00a0 Bogus\u0142awa Sk\u00f3rzewska Ma\u0142gorzata J\u0119drzejas i Agnieszka Walczak.<\/p>\n<p>Kalendarz liturgiczny<\/p>\n<p>\u015aroda \u2013 wsp. \u015bw. Urszuli Led\u00f3chowskiej dziewicy<\/p>\n<p>Czwartek \u2013 BO\u017bE CIA\u0141O<\/p>\n<p>Pi\u0105tek \u2013 \u015bwi\u0119to Nawiedzenia Naj\u015bwi\u0119tszej Maryi Panny\/ dyspensa od postu\/<\/p>\n<p>Sobota \u2013 sp. \u015aw. Justyna m\u0119czennika \/ Dzie\u0144 Dziecka\/<\/p>\n","protected":false},"excerpt":{"rendered":"<p>Krzy\u017cowa 26.V. 2024r. &nbsp; &nbsp; TR\u00d3JCY PRZENAJ\u015aWI\u0118TSZEJ &nbsp; Prze\u017cywamy w Ko\u015bciele wielk\u0105 tajemnic\u0119 Boga w Trzech osobach. Przypominam , \u017ce dzisiaj jest Dzie\u0144 Matki . Pami\u0119tajmy o naszych mamach tych kt\u00f3re s\u0105 ju\u017c w niebie\u00a0\u00a0\u00a0\u00a0\u00a0\u00a0\u00a0\u00a0 i\u00a0 o tych\u00a0\u00a0 kt\u00f3re s\u0105 miedzy nami . &nbsp; Zapraszam jeszcze dzisiaj na nabo\u017ce\u0144stwo majowe o godz. 17:30. To ju\u017c [&hellip;]<\/p>\n","protected":false},"author":0,"featured_media":0,"comment_status":"closed","ping_status":"closed","sticky":false,"template":"","format":"standard","meta":{"ngg_post_thumbnail":0,"footnotes":""},"categories":[3],"tags":[],"class_list":["post-3772","post","type-post","status-publish","format-standard","hentry","category-ogloszenia"],"aioseo_notices":[],"_links":{"self":[{"href":"https:\/\/parafiakrzyzowa.pl\/index.php?rest_route=\/wp\/v2\/posts\/3772","targetHints":{"allow":["GET"]}}],"collection":[{"href":"https:\/\/parafiakrzyzowa.pl\/index.php?rest_route=\/wp\/v2\/posts"}],"about":[{"href":"https:\/\/parafiakrzyzowa.pl\/index.php?rest_route=\/wp\/v2\/types\/post"}],"replies":[{"embeddable":true,"href":"https:\/\/parafiakrzyzowa.pl\/index.php?rest_route=%2Fwp%2Fv2%2Fcomments&post=3772"}],"version-history":[{"count":1,"href":"https:\/\/parafiakrzyzowa.pl\/index.php?rest_route=\/wp\/v2\/posts\/3772\/revisions"}],"predecessor-version":[{"id":3773,"href":"https:\/\/parafiakrzyzowa.pl\/index.php?rest_route=\/wp\/v2\/posts\/3772\/revisions\/3773"}],"wp:attachment":[{"href":"https:\/\/parafiakrzyzowa.pl\/index.php?rest_route=%2Fwp%2Fv2%2Fmedia&parent=3772"}],"wp:term":[{"taxonomy":"category","embeddable":true,"href":"https:\/\/parafiakrzyzowa.pl\/index.php?rest_route=%2Fwp%2Fv2%2Fcategories&post=3772"},{"taxonomy":"post_tag","embeddable":true,"href":"https:\/\/parafiakrzyzowa.pl\/index.php?rest_route=%2Fwp%2Fv2%2Ftags&post=3772"}],"curies":[{"name":"wp","href":"https:\/\/api.w.org\/{rel}","templated":true}]}}