{"id":3775,"date":"2024-05-25T08:13:18","date_gmt":"2024-05-25T08:13:18","guid":{"rendered":"https:\/\/parafiakrzyzowa.pl\/?p=3775"},"modified":"2024-05-25T08:13:25","modified_gmt":"2024-05-25T08:13:25","slug":"3775","status":"publish","type":"post","link":"https:\/\/parafiakrzyzowa.pl\/?p=3775","title":{"rendered":""},"content":{"rendered":"<p><strong><u>INTENCJE\u00a0 MSZY \u015aWI\u0118TYCH<\/u><\/strong><\/p>\n<p><strong><u>\u00a0<\/u><\/strong><\/p>\n<p><strong><u>NIEDZIELA 26. V. 2024r.<\/u><\/strong><\/p>\n<p>Godz. 8:00 &#8211; \u00a0\u00a0\u00a0\u00a0\u00a0\u00a0+ Stefan Urba\u015b w 3r. \u015bmierci<\/p>\n<p>Godz. 10\u00a0\u00a0\u00a0 &#8211; \u00a0\u00a0\u00a0\u00a0\u00a0\u00a0+ J\u00f3zef Michalec w 2r. \u015bmierci<\/p>\n<p>Godz.18\u00a0\u00a0 &#8211; \u00a0\u00a0\u00a0\u00a0++ W\u0142adys\u0142aw Barcik i rodzice<\/p>\n<p>&nbsp;<\/p>\n<p><strong><u>PONIEDZIA\u0141EK 27. V. 2024r<\/u><\/strong><\/p>\n<p>&nbsp;<\/p>\n<p>Godz. 18\u00a0 &#8211;\u00a0\u00a0\u00a0\u00a0\u00a0\u00a0\u00a0\u00a0 + Kazimierz Walig\u00f3ra<\/p>\n<p><strong><u>\u00a0<\/u><\/strong><\/p>\n<p><strong><u>WTOREK 28. V. 2024r.<\/u><\/strong><\/p>\n<p>&nbsp;<\/p>\n<p>Godz. 18 \u00a0&#8211;\u00a0\u00a0\u00a0 \u00a0\u00a0\u00a0+ Wies\u0142aw Legler w r. \u015bmierci<\/p>\n<p>&nbsp;<\/p>\n<p><strong><u>\u015aRODA 29 .V. 2024r. <\/u><\/strong><\/p>\n<p>&nbsp;<\/p>\n<p>Godz. 18 \u00a0\u00a0\u00a0&#8211; \u00a0++ Stanis\u0142aw Wrzeszcz wnuczka Magdalena<\/p>\n<p>&nbsp;<\/p>\n<p><strong><u>CZWARTEK 30. V. 2024r.- BO\u017bE CIA\u0141O<\/u><\/strong><\/p>\n<p>&nbsp;<\/p>\n<p>Godz.8:00\u00a0 &#8211; \u00a0\u00a0\u00a0\u00a0\u00a0\u00a0W intencji Parafian<\/p>\n<p>Godz. 10\u00a0\u00a0\u00a0 &#8211;\u00a0\u00a0\u00a0\u00a0\u00a0\u00a0\u00a0 O zdrowie i b\u0142. Bo\u017ce dla cz\u0142onki\u0144 R\u00f3\u017cy \u015bw. s. Faustyny Kowalskiej<\/p>\n<p>Godz. 18\u00a0\u00a0\u00a0 &#8211;\u00a0\u00a0\u00a0\u00a0 + W\u0142adys\u0142awa Kami\u0144ska<\/p>\n<p>&nbsp;<\/p>\n<p><strong><u>PI\u0104TEK 31. V. 2024r.<\/u><\/strong><\/p>\n<p>&nbsp;<\/p>\n<p>Godz. 18\u00a0\u00a0 &#8211; \u00a0\u00a0\u00a0\u00a0\u00a0\u00a0\u00a0\u00a0O b\u0142. Bo\u017ce i opiek\u0119 Matki Bo\u017cej dla Parafian z G\u00f3rnej Krzy\u017cowej<\/p>\n<p>&nbsp;<\/p>\n<p><strong><u>SOBOTA 1.VI. 2024r<\/u><\/strong><strong>.\u00a0\u00a0\u00a0 <\/strong><\/p>\n<p>Godz.18<strong>\u00a0\u00a0\u00a0 <\/strong>&#8211; \u00a0\u00a0\u00a0++ Jan Matejczyk<\/p>\n<p>&nbsp;<\/p>\n<p>Godz. 19 \u2013 Krzy\u017c\u00f3wki ++ Agnieszka Pastor i 2 J\u00f3zef\u00f3w<\/p>\n<p><strong>\u00a0<\/strong><\/p>\n<p><strong><u>NIEDZIELA\u00a0 2. VI. 2024r<\/u><\/strong><strong><u>.<\/u><\/strong><\/p>\n<p>&nbsp;<\/p>\n<p>Godz. 8:00\u00a0 &#8211;\u00a0 ++ Renata Mutz m\u0105\u017c Eugeniusz i syn Jacek<\/p>\n<p>&nbsp;<\/p>\n<p>Godz. 10 \u00a0\u00a0\u00a0\u00a0&#8211;\u00a0 ++ J\u00f3zef Majcherek w 4r. \u015bmierci \u017cona Maria<\/p>\n<p>&#8211;\u00a0\u00a0\u00a0\u00a0\u00a0\u00a0 O zdrowie i b\u0142. Bo\u017ce dla Konrada Orwata z okazji chrztu \u015bw.<\/p>\n<p>&nbsp;<\/p>\n<p>Godz. 18\u00a0\u00a0\u00a0\u00a0 &#8211; \u00a0\u00a0\u00a0+ W\u0142adys\u0142aw Ryczek w 9r. \u015bmierci<\/p>\n<p>&nbsp;<\/p>\n<p>&nbsp;<\/p>\n<p>&nbsp;<\/p>\n<p>&nbsp;<\/p>\n<p>&nbsp;<\/p>\n","protected":false},"excerpt":{"rendered":"<p>INTENCJE\u00a0 MSZY \u015aWI\u0118TYCH \u00a0 NIEDZIELA 26. V. 2024r. Godz. 8:00 &#8211; \u00a0\u00a0\u00a0\u00a0\u00a0\u00a0+ Stefan Urba\u015b w 3r. \u015bmierci Godz. 10\u00a0\u00a0\u00a0 &#8211; \u00a0\u00a0\u00a0\u00a0\u00a0\u00a0+ J\u00f3zef Michalec w 2r. \u015bmierci Godz.18\u00a0\u00a0 &#8211; \u00a0\u00a0\u00a0\u00a0++ W\u0142adys\u0142aw Barcik i rodzice &nbsp; PONIEDZIA\u0141EK 27. V. 2024r &nbsp; Godz. 18\u00a0 &#8211;\u00a0\u00a0\u00a0\u00a0\u00a0\u00a0\u00a0\u00a0 + Kazimierz Walig\u00f3ra \u00a0 WTOREK 28. V. 2024r. &nbsp; Godz. 18 \u00a0&#8211;\u00a0\u00a0\u00a0 \u00a0\u00a0\u00a0+ [&hellip;]<\/p>\n","protected":false},"author":0,"featured_media":0,"comment_status":"closed","ping_status":"closed","sticky":false,"template":"","format":"standard","meta":{"ngg_post_thumbnail":0,"footnotes":""},"categories":[7],"tags":[],"class_list":["post-3775","post","type-post","status-publish","format-standard","hentry","category-intencje"],"aioseo_notices":[],"_links":{"self":[{"href":"https:\/\/parafiakrzyzowa.pl\/index.php?rest_route=\/wp\/v2\/posts\/3775","targetHints":{"allow":["GET"]}}],"collection":[{"href":"https:\/\/parafiakrzyzowa.pl\/index.php?rest_route=\/wp\/v2\/posts"}],"about":[{"href":"https:\/\/parafiakrzyzowa.pl\/index.php?rest_route=\/wp\/v2\/types\/post"}],"replies":[{"embeddable":true,"href":"https:\/\/parafiakrzyzowa.pl\/index.php?rest_route=%2Fwp%2Fv2%2Fcomments&post=3775"}],"version-history":[{"count":1,"href":"https:\/\/parafiakrzyzowa.pl\/index.php?rest_route=\/wp\/v2\/posts\/3775\/revisions"}],"predecessor-version":[{"id":3776,"href":"https:\/\/parafiakrzyzowa.pl\/index.php?rest_route=\/wp\/v2\/posts\/3775\/revisions\/3776"}],"wp:attachment":[{"href":"https:\/\/parafiakrzyzowa.pl\/index.php?rest_route=%2Fwp%2Fv2%2Fmedia&parent=3775"}],"wp:term":[{"taxonomy":"category","embeddable":true,"href":"https:\/\/parafiakrzyzowa.pl\/index.php?rest_route=%2Fwp%2Fv2%2Fcategories&post=3775"},{"taxonomy":"post_tag","embeddable":true,"href":"https:\/\/parafiakrzyzowa.pl\/index.php?rest_route=%2Fwp%2Fv2%2Ftags&post=3775"}],"curies":[{"name":"wp","href":"https:\/\/api.w.org\/{rel}","templated":true}]}}