{"id":3778,"date":"2024-06-01T07:32:14","date_gmt":"2024-06-01T07:32:14","guid":{"rendered":"https:\/\/parafiakrzyzowa.pl\/?p=3778"},"modified":"2024-06-01T07:32:20","modified_gmt":"2024-06-01T07:32:20","slug":"3778","status":"publish","type":"post","link":"https:\/\/parafiakrzyzowa.pl\/?p=3778","title":{"rendered":""},"content":{"rendered":"<p><strong><u>INTENCJE\u00a0 MSZY \u015aWI\u0118TYCH<\/u><\/strong><\/p>\n<p><strong><u>\u00a0<\/u><\/strong><\/p>\n<p><strong><u>NIEDZIELA 2. VI. 2024r.<\/u><\/strong><\/p>\n<p>Godz. 8:00 &#8211; \u00a0\u00a0\u00a0\u00a0++ Renata Mutz m\u0105\u017c Eugeniusz syn Jacek<\/p>\n<p>Godz. 10\u00a0\u00a0\u00a0 &#8211; \u00a0\u00a0\u00a0\u00a0++ J\u00f3zef Majcherek w 4r. \u015bmierci \u017cona Maria<\/p>\n<p>&#8211;\u00a0\u00a0\u00a0\u00a0\u00a0\u00a0\u00a0\u00a0\u00a0\u00a0\u00a0 O zdrowie i b\u0142. Bo\u017ce dla Konrada Orwata w dniu chrztu \u015bw.<\/p>\n<p>Godz.18\u00a0\u00a0 \u00a0&#8211; \u00a0\u00a0\u00a0\u00a0\u00a0\u00a0+ W\u0142adys\u0142aw Ryczek w 9r. \u015bmierci<\/p>\n<p>&nbsp;<\/p>\n<p><strong><u>PONIEDZIA\u0141EK 3. VI. 2024r<\/u><\/strong><\/p>\n<p>&nbsp;<\/p>\n<p>Godz. 18\u00a0 &#8211;\u00a0\u00a0\u00a0\u00a0\u00a0\u00a0\u00a0\u00a0\u00a0\u00a0\u00a0\u00a0\u00a0 O zdrowie i b\u0142. Bo\u017ce dla parafian z Krzy\u017cowej \u015arodkowej<\/p>\n<p><strong><u>\u00a0<\/u><\/strong><\/p>\n<p><strong><u>WTOREK 4. VI. 2024r.<\/u><\/strong><\/p>\n<p>&nbsp;<\/p>\n<p>Godz. 18 &#8211;\u00a0\u00a0\u00a0 \u00a0\u00a0\u00a0\u00a0\u00a0\u00a0\u00a0\u00a0\u00a0\u00a0\u00a0O zdrowie ib\u0142. Bo\u017ce dla parafian z Krzy\u017c\u00f3wek<\/p>\n<p>&nbsp;<\/p>\n<p><strong><u>\u015aRODA 5 .VI. 2024r. <\/u><\/strong><\/p>\n<p>&nbsp;<\/p>\n<p>Godz. 18 \u00a0\u00a0\u00a0&#8211; \u00a0\u00a0\u00a0\u00a0\u00a0\u00a0\u00a0\u00a0\u00a0\u00a0\u00a0O zdrowie i b\u0142. Bo\u017ce dla parafian z Krzy\u017cowej Dolnej<\/p>\n<p>&nbsp;<\/p>\n<p><strong><u>CZWARTEK 6.VI. 2024r.<\/u><\/strong><\/p>\n<p>&nbsp;<\/p>\n<p>Godz. 18\u00a0\u00a0\u00a0 &#8211;\u00a0\u00a0\u00a0\u00a0\u00a0\u00a0\u00a0\u00a0\u00a0\u00a0\u00a0 O drowie i b\u0142. Bo\u017ce dla cz\u0142onki\u0144 R\u00f3\u017cy b\u0142. Ks. Jerzego Popie\u0142uszki<\/p>\n<p>&nbsp;<\/p>\n<p><strong><u>PI\u0104TEK 7. VI. 2024r.<\/u><\/strong><\/p>\n<p>&nbsp;<\/p>\n<p>Godz. 18\u00a0\u00a0 &#8211; \u00a0\u00a0\u00a0\u00a0\u00a0\u00a0\u00a0\u00a0\u00a0\u00a0Za zmar\u0142ych wypominanych<\/p>\n<p>&nbsp;<\/p>\n<p><strong><u>SOBOTA 8.VI. 2024r<\/u><\/strong><strong>.\u00a0\u00a0\u00a0 <\/strong><\/p>\n<p>&nbsp;<\/p>\n<p>Godz.18<strong>\u00a0\u00a0\u00a0 <\/strong>&#8211; \u00a0\u00a0\u00a0\u00a0\u00a0\u00a0+ Eugeniusz Gawlas<\/p>\n<p>&nbsp;<\/p>\n<p>Godz. 19 \u2013 Krzy\u017c\u00f3wki ++ J\u00f3zef Pastor\u00a0 i rodzice<\/p>\n<p><strong>\u00a0<\/strong><\/p>\n<p><strong><u>NIEDZIELA\u00a0 9. VI. 2024r<\/u><\/strong><strong><u>.<\/u><\/strong><\/p>\n<p>&nbsp;<\/p>\n<p>Godz. 8:00\u00a0 &#8211;\u00a0 ++ Stanis\u0142aw Kami\u0144ski i rodzice\u00a0 Franciszek i Anna<\/p>\n<p>&nbsp;<\/p>\n<p>Godz. 11:30 &#8211;\u00a0\u00a0\u00a0\u00a0\u00a0 SUMA ODPUSTOWA W INTENCJI PARAFII<\/p>\n<p>&#8211;\u00a0 \u00a0\u00a0\u00a0\u00a0\u00a0\u00a0O zdrowie i b\u0142. Bo\u017ce dla cz\u0142onki\u0144 R\u00f3\u017cy \u015bw. Anny<\/p>\n<p>&nbsp;<\/p>\n<p>Godz. 18\u00a0\u00a0\u00a0\u00a0 &#8211; \u00a0\u00a0++ Zofia S\u0142owik m\u0105\u017c W\u0142adys\u0142aw<\/p>\n<p>&nbsp;<\/p>\n<p>&nbsp;<\/p>\n<p>&nbsp;<\/p>\n<p>&nbsp;<\/p>\n","protected":false},"excerpt":{"rendered":"<p>INTENCJE\u00a0 MSZY \u015aWI\u0118TYCH \u00a0 NIEDZIELA 2. VI. 2024r. Godz. 8:00 &#8211; \u00a0\u00a0\u00a0\u00a0++ Renata Mutz m\u0105\u017c Eugeniusz syn Jacek Godz. 10\u00a0\u00a0\u00a0 &#8211; \u00a0\u00a0\u00a0\u00a0++ J\u00f3zef Majcherek w 4r. \u015bmierci \u017cona Maria &#8211;\u00a0\u00a0\u00a0\u00a0\u00a0\u00a0\u00a0\u00a0\u00a0\u00a0\u00a0 O zdrowie i b\u0142. Bo\u017ce dla Konrada Orwata w dniu chrztu \u015bw. Godz.18\u00a0\u00a0 \u00a0&#8211; \u00a0\u00a0\u00a0\u00a0\u00a0\u00a0+ W\u0142adys\u0142aw Ryczek w 9r. \u015bmierci &nbsp; PONIEDZIA\u0141EK 3. VI. 2024r [&hellip;]<\/p>\n","protected":false},"author":0,"featured_media":0,"comment_status":"closed","ping_status":"closed","sticky":false,"template":"","format":"standard","meta":{"ngg_post_thumbnail":0,"footnotes":""},"categories":[7],"tags":[],"class_list":["post-3778","post","type-post","status-publish","format-standard","hentry","category-intencje"],"aioseo_notices":[],"_links":{"self":[{"href":"https:\/\/parafiakrzyzowa.pl\/index.php?rest_route=\/wp\/v2\/posts\/3778","targetHints":{"allow":["GET"]}}],"collection":[{"href":"https:\/\/parafiakrzyzowa.pl\/index.php?rest_route=\/wp\/v2\/posts"}],"about":[{"href":"https:\/\/parafiakrzyzowa.pl\/index.php?rest_route=\/wp\/v2\/types\/post"}],"replies":[{"embeddable":true,"href":"https:\/\/parafiakrzyzowa.pl\/index.php?rest_route=%2Fwp%2Fv2%2Fcomments&post=3778"}],"version-history":[{"count":1,"href":"https:\/\/parafiakrzyzowa.pl\/index.php?rest_route=\/wp\/v2\/posts\/3778\/revisions"}],"predecessor-version":[{"id":3779,"href":"https:\/\/parafiakrzyzowa.pl\/index.php?rest_route=\/wp\/v2\/posts\/3778\/revisions\/3779"}],"wp:attachment":[{"href":"https:\/\/parafiakrzyzowa.pl\/index.php?rest_route=%2Fwp%2Fv2%2Fmedia&parent=3778"}],"wp:term":[{"taxonomy":"category","embeddable":true,"href":"https:\/\/parafiakrzyzowa.pl\/index.php?rest_route=%2Fwp%2Fv2%2Fcategories&post=3778"},{"taxonomy":"post_tag","embeddable":true,"href":"https:\/\/parafiakrzyzowa.pl\/index.php?rest_route=%2Fwp%2Fv2%2Ftags&post=3778"}],"curies":[{"name":"wp","href":"https:\/\/api.w.org\/{rel}","templated":true}]}}