{"id":3780,"date":"2024-06-01T07:34:01","date_gmt":"2024-06-01T07:34:01","guid":{"rendered":"https:\/\/parafiakrzyzowa.pl\/?p=3780"},"modified":"2024-06-01T07:34:08","modified_gmt":"2024-06-01T07:34:08","slug":"3780","status":"publish","type":"post","link":"https:\/\/parafiakrzyzowa.pl\/?p=3780","title":{"rendered":""},"content":{"rendered":"<p>&nbsp;<\/p>\n<p>Krzy\u017cowa 2.VI. 2024r.<\/p>\n<p>&nbsp;<\/p>\n<p>&nbsp;<\/p>\n<p><strong><u>IX NIEDZIELA ZWYK\u0141A<\/u><\/strong><\/p>\n<p>&nbsp;<\/p>\n<p>Dzi\u015b przypada I niedziela czerwca. Po ka\u017cdej mszy \u015bw. adoracja Pana Jezusa w Naj\u015bwi\u0119tszym Sakramencie.<\/p>\n<p>Jeszcze dzisiaj o godz. 17:30 nabo\u017ce\u0144stwo do Naj\u015bwi\u0119tszego Serca Pana Jezusa czyli tzw. nabo\u017ce\u0144stwo czerwcowe z procesj\u0105 z Panem Jezusem wok\u00f3\u0142 ko\u015bcio\u0142a w ramach prze\u017cywanej oktawy Bo\u017cego Cia\u0142a.<\/p>\n<p>W tym tygodniu msze \u015bw. b\u0119d\u0105 odprawiane o godz. 18 poniewa\u017c jest oktawa Bo\u017cego Cia\u0142a. Ostatnia procesja b\u0119dzie w czwartek i na zako\u0144czenie oktawy b\u0119dzie po\u015bwi\u0119cenie wiank\u00f3w i b\u0142ogos\u0142awie\u0144stwo ma\u0142ych dzieci. Bardzo serdecznie zapraszam na codzienn\u0105 procesj\u0119 dziewczynki do sypania kwiat\u00f3w i ch\u0142opc\u00f3w z dzwoneczkami\u2019<\/p>\n<p>&nbsp;<\/p>\n<p>W tym tygodniu przypada I czwartek i pi\u0105tek miesi\u0105ca. Spowied\u017a \u015bw. ze wzgl\u0119du na odpust parafialny kt\u00f3ry przypada 9czerwca b\u0119dzie w czwartek od 17 do 18 i w pi\u0105tek od 16:30 d0 18 . Bardzo prosz\u0119 aby w czwartek do spowiedzi przysz\u0142y dzieci ze szko\u0142y podstawowej a w pi\u0105tek parafianie . Bardzo zapraszam poniewa\u017c w niedziel\u0119 odpustow\u0105 mo\u017cna uzyska\u0107 odpust zupe\u0142ny.<\/p>\n<p>Wizyta u chorych i senior\u00f3w z Panem Jezusem od godz. 9:00.<\/p>\n<p>W niedziel\u0119 prze\u017cywa\u0107 b\u0119dziemy uroczysto\u015b\u0107 odpustow\u0105 ku czci Niepokalanego Serca Naj\u015bwi\u0119tszej Maryi Panny.\u00a0 Suma odpustowa b\u0119dzie o godz. 11:30. Nie b\u0119dzie mszy \u015bw, o godz. 10. Zapraszam na sum\u0119 odpustow\u0105 dzieci pierwszokomunijne\u00a0\u00a0\u00a0 Ko\u0142a Gospody\u0144 Wiejskich w strojach , stra\u017cak\u00f3w\u00a0 \u00a0 \u00a0 \u00a0 \u00a0 i poczty sztandarowe i oczywi\u015bcie dziewczynki do sypania kwiat\u00f3w w czasie procesji z Panem Jezusem. Sum\u0119 odpustow\u0105 b\u0119dzie celebrowa\u0142 i kazanie wyg\u0142osi O. Innocenty Franciszkanin.<\/p>\n<p>W \u015brod\u0119 jak zwykle r\u00f3\u017caniec za Ojczyzn\u0119. Pami\u0119tajmy , \u017ce 9 czerwca w najbli\u017csz\u0105 niedziel\u0119 s\u0105 wybory do parlamentu europejskiego. Znowu b\u0119dziemy decydowali\u00a0 o losach naszej Ojczyzny . Bardzo prosz\u0119 zabierzcie dowody osobiste i id\u017acie na wybory . Nie pozw\u00f3lcie \u017ceby Polsk\u0105 kierowali gdzie\u015b tam\u00a0 w Berlinie czy Brukseli. Wybierzcie tych kt\u00f3rzy kochaj\u0105 Polsk\u0119.<\/p>\n<p>&nbsp;<\/p>\n<p>Zach\u0119cam do nabywania prasy katolickiej.<\/p>\n<p>&nbsp;<\/p>\n<p>Dzi\u0119kuje za sprz\u0105tanie ko\u015bcio\u0142a w tym tygodniu. Nast\u0119pne sprz\u0105tanie b\u0119dzie w pi\u0105tek po wieczornej mszy \u015bw. Sprz\u0105taj\u0105 Panie : Irena G\u00f3ra Ma\u0142gorzata Sk\u00f3rzak Sabina Kami\u0144ska Zofia Pastor. Anna J\u0119drzejas i Maria Szumlas. Nie kupujemy kwiat\u00f3w.<\/p>\n<p>&nbsp;<\/p>\n<p>Kalendarz liturgiczny<\/p>\n<p>Poniedzia\u0142ek \u2013 wsp. \u015bw. m\u0119czennik\u00f3w Karola Liangi i Towarzyszy<\/p>\n<p>Pi\u0105tek- uroczysto\u015b\u0107 naj\u015bwi\u0119tszego Serca Pana Jezusa. \/ nie ma postu\/<\/p>\n<p>Sobota \u2013 \u015bwi\u0119to Niepokalanego Serca NMPanny<\/p>\n<p>W ostatni tygodniu odesz\u0142a z naszej rodziny parafialnej po wieczn\u0105 nagrod\u0119 do Pana \u015bp J\u00f3zefa G\u00f3ra\u2026 wieczny odpoczynek racz jej da\u0107 Panie\u2026\u2026.<\/p>\n","protected":false},"excerpt":{"rendered":"<p>&nbsp; Krzy\u017cowa 2.VI. 2024r. &nbsp; &nbsp; IX NIEDZIELA ZWYK\u0141A &nbsp; Dzi\u015b przypada I niedziela czerwca. Po ka\u017cdej mszy \u015bw. adoracja Pana Jezusa w Naj\u015bwi\u0119tszym Sakramencie. Jeszcze dzisiaj o godz. 17:30 nabo\u017ce\u0144stwo do Naj\u015bwi\u0119tszego Serca Pana Jezusa czyli tzw. nabo\u017ce\u0144stwo czerwcowe z procesj\u0105 z Panem Jezusem wok\u00f3\u0142 ko\u015bcio\u0142a w ramach prze\u017cywanej oktawy Bo\u017cego Cia\u0142a. W tym [&hellip;]<\/p>\n","protected":false},"author":0,"featured_media":0,"comment_status":"closed","ping_status":"closed","sticky":false,"template":"","format":"standard","meta":{"ngg_post_thumbnail":0,"footnotes":""},"categories":[3],"tags":[],"class_list":["post-3780","post","type-post","status-publish","format-standard","hentry","category-ogloszenia"],"aioseo_notices":[],"_links":{"self":[{"href":"https:\/\/parafiakrzyzowa.pl\/index.php?rest_route=\/wp\/v2\/posts\/3780","targetHints":{"allow":["GET"]}}],"collection":[{"href":"https:\/\/parafiakrzyzowa.pl\/index.php?rest_route=\/wp\/v2\/posts"}],"about":[{"href":"https:\/\/parafiakrzyzowa.pl\/index.php?rest_route=\/wp\/v2\/types\/post"}],"replies":[{"embeddable":true,"href":"https:\/\/parafiakrzyzowa.pl\/index.php?rest_route=%2Fwp%2Fv2%2Fcomments&post=3780"}],"version-history":[{"count":1,"href":"https:\/\/parafiakrzyzowa.pl\/index.php?rest_route=\/wp\/v2\/posts\/3780\/revisions"}],"predecessor-version":[{"id":3781,"href":"https:\/\/parafiakrzyzowa.pl\/index.php?rest_route=\/wp\/v2\/posts\/3780\/revisions\/3781"}],"wp:attachment":[{"href":"https:\/\/parafiakrzyzowa.pl\/index.php?rest_route=%2Fwp%2Fv2%2Fmedia&parent=3780"}],"wp:term":[{"taxonomy":"category","embeddable":true,"href":"https:\/\/parafiakrzyzowa.pl\/index.php?rest_route=%2Fwp%2Fv2%2Fcategories&post=3780"},{"taxonomy":"post_tag","embeddable":true,"href":"https:\/\/parafiakrzyzowa.pl\/index.php?rest_route=%2Fwp%2Fv2%2Ftags&post=3780"}],"curies":[{"name":"wp","href":"https:\/\/api.w.org\/{rel}","templated":true}]}}